{"id":9147,"date":"2017-02-14T22:56:41","date_gmt":"2017-02-14T21:56:41","guid":{"rendered":"https:\/\/www.resonnance.org\/ro\/?p=9147"},"modified":"2017-03-06T01:16:25","modified_gmt":"2017-03-06T00:16:25","slug":"noutati","status":"publish","type":"post","link":"https:\/\/www.resonnance.org\/ro\/noutati\/","title":{"rendered":"Nout\u0103\u021bi"},"content":{"rendered":"<p>S\u00e2mb\u0103t\u0103 18 februarie ora 20, pe scena Ateneului Rom\u00e2n, al\u0103turi de Camerata Regal\u0103 se va afla pianista Elizabeth Sombart iar concertul va fi dirijat de maestrul Pierre Vallet. Cei doi artisti au concertat \u00eempreun\u0103 de mai multe ori complet\u00e2ndu-si armonios interpret\u0103rile. Elevi ai maestrului Sergiu Celibidache, Elizabeth si Pierre au \u00eenregistrat \u00eempreun\u0103 dou\u0103 CD-uri al\u0103turi de Royal Philharmonic Orchestra<\/p>\n","protected":false},"excerpt":{"rendered":"<p>S\u00e2mb\u0103t\u0103 18 februarie ora 20, la Ateneul Rom\u00e2n va avea loc un concert extraordinar cu Elizabeth Sombart, Lavinia Dragos, Camerata Regal\u0103 si maestrul Pierre Vallet. <\/p>\n","protected":false},"author":11,"featured_media":9149,"comment_status":"open","ping_status":"open","sticky":false,"template":"","format":"aside","meta":{"_acf_changed":false,"footnotes":""},"categories":[3],"tags":[],"class_list":["post-9147","post","type-post","status-publish","format-aside","has-post-thumbnail","hentry","category-home","post_format-post-format-aside"],"acf":[],"yoast_head":"<!-- This site is optimized with the Yoast SEO plugin v23.9 - https:\/\/yoast.com\/wordpress\/plugins\/seo\/ -->\n<title>Nout\u0103\u021bi - Romania<\/title>\n<meta name=\"robots\" content=\"index, follow, max-snippet:-1, max-image-preview:large, max-video-preview:-1\" \/>\n<link rel=\"canonical\" href=\"https:\/\/www.resonnance.org\/ro\/noutati\/\" \/>\n<meta property=\"og:locale\" content=\"ro_RO\" \/>\n<meta property=\"og:type\" content=\"article\" \/>\n<meta property=\"og:title\" content=\"Nout\u0103\u021bi - Romania\" \/>\n<meta property=\"og:description\" content=\"S\u00e2mb\u0103t\u0103 18 februarie ora 20, la Ateneul Rom\u00e2n va avea loc un concert extraordinar cu Elizabeth Sombart, Lavinia Dragos, Camerata Regal\u0103 si maestrul Pierre Vallet.\" \/>\n<meta property=\"og:url\" content=\"https:\/\/www.resonnance.org\/ro\/noutati\/\" \/>\n<meta property=\"og:site_name\" content=\"Romania\" \/>\n<meta property=\"article:published_time\" content=\"2017-02-14T21:56:41+00:00\" \/>\n<meta property=\"article:modified_time\" content=\"2017-03-06T00:16:25+00:00\" \/>\n<meta property=\"og:image\" content=\"https:\/\/www.resonnance.org\/ro\/wp-content\/uploads\/sites\/28\/2017\/02\/12814332_898303366950236_6663097046808078790_n.jpg\" \/>\n\t<meta property=\"og:image:width\" content=\"960\" \/>\n\t<meta property=\"og:image:height\" content=\"640\" \/>\n\t<meta property=\"og:image:type\" content=\"image\/jpeg\" \/>\n<meta name=\"author\" content=\"roumanie\" \/>\n<meta name=\"twitter:card\" content=\"summary_large_image\" \/>\n<meta name=\"twitter:label1\" content=\"Written by\" \/>\n\t<meta name=\"twitter:data1\" content=\"roumanie\" \/>\n<script type=\"application\/ld+json\" class=\"yoast-schema-graph\">{\"@context\":\"https:\/\/schema.org\",\"@graph\":[{\"@type\":\"WebPage\",\"@id\":\"https:\/\/www.resonnance.org\/ro\/noutati\/\",\"url\":\"https:\/\/www.resonnance.org\/ro\/noutati\/\",\"name\":\"Nout\u0103\u021bi - Romania\",\"isPartOf\":{\"@id\":\"https:\/\/www.resonnance.org\/ro\/#website\"},\"primaryImageOfPage\":{\"@id\":\"https:\/\/www.resonnance.org\/ro\/noutati\/#primaryimage\"},\"image\":{\"@id\":\"https:\/\/www.resonnance.org\/ro\/noutati\/#primaryimage\"},\"thumbnailUrl\":\"https:\/\/www.resonnance.org\/ro\/wp-content\/uploads\/sites\/28\/2017\/02\/12814332_898303366950236_6663097046808078790_n.jpg\",\"datePublished\":\"2017-02-14T21:56:41+00:00\",\"dateModified\":\"2017-03-06T00:16:25+00:00\",\"author\":{\"@id\":\"https:\/\/www.resonnance.org\/ro\/#\/schema\/person\/2bcec79db7a9376c416a75a4a0298b31\"},\"breadcrumb\":{\"@id\":\"https:\/\/www.resonnance.org\/ro\/noutati\/#breadcrumb\"},\"inLanguage\":\"ro-RO\",\"potentialAction\":[{\"@type\":\"ReadAction\",\"target\":[\"https:\/\/www.resonnance.org\/ro\/noutati\/\"]}]},{\"@type\":\"ImageObject\",\"inLanguage\":\"ro-RO\",\"@id\":\"https:\/\/www.resonnance.org\/ro\/noutati\/#primaryimage\",\"url\":\"https:\/\/www.resonnance.org\/ro\/wp-content\/uploads\/sites\/28\/2017\/02\/12814332_898303366950236_6663097046808078790_n.jpg\",\"contentUrl\":\"https:\/\/www.resonnance.org\/ro\/wp-content\/uploads\/sites\/28\/2017\/02\/12814332_898303366950236_6663097046808078790_n.jpg\",\"width\":960,\"height\":640},{\"@type\":\"BreadcrumbList\",\"@id\":\"https:\/\/www.resonnance.org\/ro\/noutati\/#breadcrumb\",\"itemListElement\":[{\"@type\":\"ListItem\",\"position\":1,\"name\":\"Accueil\",\"item\":\"http:\/\/www.resonnance.org\/ro\/\"},{\"@type\":\"ListItem\",\"position\":2,\"name\":\"Nout\u0103\u021bi\"}]},{\"@type\":\"WebSite\",\"@id\":\"https:\/\/www.resonnance.org\/ro\/#website\",\"url\":\"https:\/\/www.resonnance.org\/ro\/\",\"name\":\"Romania\",\"description\":\"O lume \u00een R\u00e9sonnance\",\"potentialAction\":[{\"@type\":\"SearchAction\",\"target\":{\"@type\":\"EntryPoint\",\"urlTemplate\":\"https:\/\/www.resonnance.org\/ro\/?s={search_term_string}\"},\"query-input\":{\"@type\":\"PropertyValueSpecification\",\"valueRequired\":true,\"valueName\":\"search_term_string\"}}],\"inLanguage\":\"ro-RO\"},{\"@type\":\"Person\",\"@id\":\"https:\/\/www.resonnance.org\/ro\/#\/schema\/person\/2bcec79db7a9376c416a75a4a0298b31\",\"name\":\"roumanie\",\"image\":{\"@type\":\"ImageObject\",\"inLanguage\":\"ro-RO\",\"@id\":\"https:\/\/www.resonnance.org\/ro\/#\/schema\/person\/image\/\",\"url\":\"https:\/\/secure.gravatar.com\/avatar\/93d931893cfa0c7838d046a36b60de8f?s=96&d=mm&r=g\",\"contentUrl\":\"https:\/\/secure.gravatar.com\/avatar\/93d931893cfa0c7838d046a36b60de8f?s=96&d=mm&r=g\",\"caption\":\"roumanie\"},\"url\":\"https:\/\/www.resonnance.org\/ro\/author\/roumanie\/\"}]}<\/script>\n<!-- \/ Yoast SEO plugin. -->","yoast_head_json":{"title":"Nout\u0103\u021bi - Romania","robots":{"index":"index","follow":"follow","max-snippet":"max-snippet:-1","max-image-preview":"max-image-preview:large","max-video-preview":"max-video-preview:-1"},"canonical":"https:\/\/www.resonnance.org\/ro\/noutati\/","og_locale":"ro_RO","og_type":"article","og_title":"Nout\u0103\u021bi - Romania","og_description":"S\u00e2mb\u0103t\u0103 18 februarie ora 20, la Ateneul Rom\u00e2n va avea loc un concert extraordinar cu Elizabeth Sombart, Lavinia Dragos, Camerata Regal\u0103 si maestrul Pierre Vallet.","og_url":"https:\/\/www.resonnance.org\/ro\/noutati\/","og_site_name":"Romania","article_published_time":"2017-02-14T21:56:41+00:00","article_modified_time":"2017-03-06T00:16:25+00:00","og_image":[{"width":960,"height":640,"url":"https:\/\/www.resonnance.org\/ro\/wp-content\/uploads\/sites\/28\/2017\/02\/12814332_898303366950236_6663097046808078790_n.jpg","type":"image\/jpeg"}],"author":"roumanie","twitter_card":"summary_large_image","twitter_misc":{"Written by":"roumanie"},"schema":{"@context":"https:\/\/schema.org","@graph":[{"@type":"WebPage","@id":"https:\/\/www.resonnance.org\/ro\/noutati\/","url":"https:\/\/www.resonnance.org\/ro\/noutati\/","name":"Nout\u0103\u021bi - Romania","isPartOf":{"@id":"https:\/\/www.resonnance.org\/ro\/#website"},"primaryImageOfPage":{"@id":"https:\/\/www.resonnance.org\/ro\/noutati\/#primaryimage"},"image":{"@id":"https:\/\/www.resonnance.org\/ro\/noutati\/#primaryimage"},"thumbnailUrl":"https:\/\/www.resonnance.org\/ro\/wp-content\/uploads\/sites\/28\/2017\/02\/12814332_898303366950236_6663097046808078790_n.jpg","datePublished":"2017-02-14T21:56:41+00:00","dateModified":"2017-03-06T00:16:25+00:00","author":{"@id":"https:\/\/www.resonnance.org\/ro\/#\/schema\/person\/2bcec79db7a9376c416a75a4a0298b31"},"breadcrumb":{"@id":"https:\/\/www.resonnance.org\/ro\/noutati\/#breadcrumb"},"inLanguage":"ro-RO","potentialAction":[{"@type":"ReadAction","target":["https:\/\/www.resonnance.org\/ro\/noutati\/"]}]},{"@type":"ImageObject","inLanguage":"ro-RO","@id":"https:\/\/www.resonnance.org\/ro\/noutati\/#primaryimage","url":"https:\/\/www.resonnance.org\/ro\/wp-content\/uploads\/sites\/28\/2017\/02\/12814332_898303366950236_6663097046808078790_n.jpg","contentUrl":"https:\/\/www.resonnance.org\/ro\/wp-content\/uploads\/sites\/28\/2017\/02\/12814332_898303366950236_6663097046808078790_n.jpg","width":960,"height":640},{"@type":"BreadcrumbList","@id":"https:\/\/www.resonnance.org\/ro\/noutati\/#breadcrumb","itemListElement":[{"@type":"ListItem","position":1,"name":"Accueil","item":"http:\/\/www.resonnance.org\/ro\/"},{"@type":"ListItem","position":2,"name":"Nout\u0103\u021bi"}]},{"@type":"WebSite","@id":"https:\/\/www.resonnance.org\/ro\/#website","url":"https:\/\/www.resonnance.org\/ro\/","name":"Romania","description":"O lume \u00een R\u00e9sonnance","potentialAction":[{"@type":"SearchAction","target":{"@type":"EntryPoint","urlTemplate":"https:\/\/www.resonnance.org\/ro\/?s={search_term_string}"},"query-input":{"@type":"PropertyValueSpecification","valueRequired":true,"valueName":"search_term_string"}}],"inLanguage":"ro-RO"},{"@type":"Person","@id":"https:\/\/www.resonnance.org\/ro\/#\/schema\/person\/2bcec79db7a9376c416a75a4a0298b31","name":"roumanie","image":{"@type":"ImageObject","inLanguage":"ro-RO","@id":"https:\/\/www.resonnance.org\/ro\/#\/schema\/person\/image\/","url":"https:\/\/secure.gravatar.com\/avatar\/93d931893cfa0c7838d046a36b60de8f?s=96&d=mm&r=g","contentUrl":"https:\/\/secure.gravatar.com\/avatar\/93d931893cfa0c7838d046a36b60de8f?s=96&d=mm&r=g","caption":"roumanie"},"url":"https:\/\/www.resonnance.org\/ro\/author\/roumanie\/"}]}},"_links":{"self":[{"href":"https:\/\/www.resonnance.org\/ro\/wp-json\/wp\/v2\/posts\/9147","targetHints":{"allow":["GET"]}}],"collection":[{"href":"https:\/\/www.resonnance.org\/ro\/wp-json\/wp\/v2\/posts"}],"about":[{"href":"https:\/\/www.resonnance.org\/ro\/wp-json\/wp\/v2\/types\/post"}],"author":[{"embeddable":true,"href":"https:\/\/www.resonnance.org\/ro\/wp-json\/wp\/v2\/users\/11"}],"replies":[{"embeddable":true,"href":"https:\/\/www.resonnance.org\/ro\/wp-json\/wp\/v2\/comments?post=9147"}],"version-history":[{"count":7,"href":"https:\/\/www.resonnance.org\/ro\/wp-json\/wp\/v2\/posts\/9147\/revisions"}],"predecessor-version":[{"id":9224,"href":"https:\/\/www.resonnance.org\/ro\/wp-json\/wp\/v2\/posts\/9147\/revisions\/9224"}],"wp:featuredmedia":[{"embeddable":true,"href":"https:\/\/www.resonnance.org\/ro\/wp-json\/wp\/v2\/media\/9149"}],"wp:attachment":[{"href":"https:\/\/www.resonnance.org\/ro\/wp-json\/wp\/v2\/media?parent=9147"}],"wp:term":[{"taxonomy":"category","embeddable":true,"href":"https:\/\/www.resonnance.org\/ro\/wp-json\/wp\/v2\/categories?post=9147"},{"taxonomy":"post_tag","embeddable":true,"href":"https:\/\/www.resonnance.org\/ro\/wp-json\/wp\/v2\/tags?post=9147"}],"curies":[{"name":"wp","href":"https:\/\/api.w.org\/{rel}","templated":true}]}}