{"id":6379,"date":"2016-11-03T13:36:55","date_gmt":"2016-11-03T12:36:55","guid":{"rendered":"https:\/\/www.resonnance.org\/ro\/vous-etes-musicien-et-souhaitez-porter-votre-talent-en-participant-aux-concerts-de-solidarite\/"},"modified":"2017-01-23T17:52:54","modified_gmt":"2017-01-23T16:52:54","slug":"vous-etes-musicien-et-souhaitez-porter-votre-talent-en-participant-aux-concerts-de-solidarite","status":"publish","type":"post","link":"https:\/\/www.resonnance.org\/ro\/vous-etes-musicien-et-souhaitez-porter-votre-talent-en-participant-aux-concerts-de-solidarite\/","title":{"rendered":"Vous \u00eates musicien et souhaitez porter votre talent en participant aux concerts de solidarit\u00e9"},"content":{"rendered":"<blockquote><p>Les musiciens sont les m\u00e9decins de l&#8217;\u00e2me.<\/p><\/blockquote>\n<p>La fondation\u00a0apporte de nouvelles perspectives sur la place et les missions de l&#8217;artiste au sein de la soci\u00e9t\u00e9, en cr\u00e9ant une synergie entre des concerts de solidarit\u00e9 et un encadrement (auditions, cours, master classes).<\/p>\n<p>Vous souhaitez aider \u00e0 apaiser la souffrance dans des lieux o\u00f9 la musique n&#8217;est pas gr\u00e2ce \u00e0 votre talent. <a href=\"https:\/\/www.resonnance.org\/ch\/contact\/\">Rejoignez-nous!<\/a><\/p>\n<p><a href=\"https:\/\/www.resonnance.org\/ch\/category\/lacademie\/\">Se renseigner sur\u00a0les prochaines master classes et conditions de participation<\/a><\/p>\n","protected":false},"excerpt":{"rendered":"<p>Entrez dans l&#8217;aventure de la fondation R\u00e9sonnance. La fondation vous propose de participer \u00e0 un r\u00e9seau de concerts tout en recevant l&#8217;encadrement d&#8217;une formation sp\u00e9cifique.<\/p>\n","protected":false},"author":1,"featured_media":0,"comment_status":"open","ping_status":"open","sticky":false,"template":"","format":"aside","meta":{"_acf_changed":false,"footnotes":""},"categories":[3],"tags":[],"class_list":["post-6379","post","type-post","status-publish","format-aside","hentry","category-home","post_format-post-format-aside"],"acf":[],"yoast_head":"<!-- This site is optimized with the Yoast SEO plugin v23.9 - https:\/\/yoast.com\/wordpress\/plugins\/seo\/ -->\n<title>Vous \u00eates musicien et souhaitez porter votre talent en participant aux concerts de solidarit\u00e9 - Romania<\/title>\n<meta name=\"robots\" content=\"index, follow, max-snippet:-1, max-image-preview:large, max-video-preview:-1\" \/>\n<link rel=\"canonical\" href=\"https:\/\/www.resonnance.org\/ro\/vous-etes-musicien-et-souhaitez-porter-votre-talent-en-participant-aux-concerts-de-solidarite\/\" \/>\n<meta property=\"og:locale\" content=\"ro_RO\" \/>\n<meta property=\"og:type\" content=\"article\" \/>\n<meta property=\"og:title\" content=\"Vous \u00eates musicien et souhaitez porter votre talent en participant aux concerts de solidarit\u00e9 - Romania\" \/>\n<meta property=\"og:description\" content=\"Entrez dans l&#039;aventure de la fondation R\u00e9sonnance. La fondation vous propose de participer \u00e0 un r\u00e9seau de concerts tout en recevant l&#039;encadrement d&#039;une formation sp\u00e9cifique.\" \/>\n<meta property=\"og:url\" content=\"https:\/\/www.resonnance.org\/ro\/vous-etes-musicien-et-souhaitez-porter-votre-talent-en-participant-aux-concerts-de-solidarite\/\" \/>\n<meta property=\"og:site_name\" content=\"Romania\" \/>\n<meta property=\"article:published_time\" content=\"2016-11-03T12:36:55+00:00\" \/>\n<meta property=\"article:modified_time\" content=\"2017-01-23T16:52:54+00:00\" \/>\n<meta name=\"author\" content=\"jonas\" \/>\n<meta name=\"twitter:card\" content=\"summary_large_image\" \/>\n<meta name=\"twitter:label1\" content=\"Written by\" \/>\n\t<meta name=\"twitter:data1\" content=\"jonas\" \/>\n<script type=\"application\/ld+json\" class=\"yoast-schema-graph\">{\"@context\":\"https:\/\/schema.org\",\"@graph\":[{\"@type\":\"WebPage\",\"@id\":\"https:\/\/www.resonnance.org\/ro\/vous-etes-musicien-et-souhaitez-porter-votre-talent-en-participant-aux-concerts-de-solidarite\/\",\"url\":\"https:\/\/www.resonnance.org\/ro\/vous-etes-musicien-et-souhaitez-porter-votre-talent-en-participant-aux-concerts-de-solidarite\/\",\"name\":\"Vous \u00eates musicien et souhaitez porter votre talent en participant aux concerts de solidarit\u00e9 - Romania\",\"isPartOf\":{\"@id\":\"https:\/\/www.resonnance.org\/ro\/#website\"},\"datePublished\":\"2016-11-03T12:36:55+00:00\",\"dateModified\":\"2017-01-23T16:52:54+00:00\",\"author\":{\"@id\":\"https:\/\/www.resonnance.org\/ro\/#\/schema\/person\/40c99e385f4cf83a5a6dbc1d95a601bb\"},\"breadcrumb\":{\"@id\":\"https:\/\/www.resonnance.org\/ro\/vous-etes-musicien-et-souhaitez-porter-votre-talent-en-participant-aux-concerts-de-solidarite\/#breadcrumb\"},\"inLanguage\":\"ro-RO\",\"potentialAction\":[{\"@type\":\"ReadAction\",\"target\":[\"https:\/\/www.resonnance.org\/ro\/vous-etes-musicien-et-souhaitez-porter-votre-talent-en-participant-aux-concerts-de-solidarite\/\"]}]},{\"@type\":\"BreadcrumbList\",\"@id\":\"https:\/\/www.resonnance.org\/ro\/vous-etes-musicien-et-souhaitez-porter-votre-talent-en-participant-aux-concerts-de-solidarite\/#breadcrumb\",\"itemListElement\":[{\"@type\":\"ListItem\",\"position\":1,\"name\":\"Accueil\",\"item\":\"http:\/\/www.resonnance.org\/ro\/\"},{\"@type\":\"ListItem\",\"position\":2,\"name\":\"Vous \u00eates musicien et souhaitez porter votre talent en participant aux concerts de solidarit\u00e9\"}]},{\"@type\":\"WebSite\",\"@id\":\"https:\/\/www.resonnance.org\/ro\/#website\",\"url\":\"https:\/\/www.resonnance.org\/ro\/\",\"name\":\"Romania\",\"description\":\"O lume \u00een R\u00e9sonnance\",\"potentialAction\":[{\"@type\":\"SearchAction\",\"target\":{\"@type\":\"EntryPoint\",\"urlTemplate\":\"https:\/\/www.resonnance.org\/ro\/?s={search_term_string}\"},\"query-input\":{\"@type\":\"PropertyValueSpecification\",\"valueRequired\":true,\"valueName\":\"search_term_string\"}}],\"inLanguage\":\"ro-RO\"},{\"@type\":\"Person\",\"@id\":\"https:\/\/www.resonnance.org\/ro\/#\/schema\/person\/40c99e385f4cf83a5a6dbc1d95a601bb\",\"name\":\"jonas\",\"image\":{\"@type\":\"ImageObject\",\"inLanguage\":\"ro-RO\",\"@id\":\"https:\/\/www.resonnance.org\/ro\/#\/schema\/person\/image\/\",\"url\":\"https:\/\/secure.gravatar.com\/avatar\/8d0970cc7fcad0b602d4a863ef0daade?s=96&d=mm&r=g\",\"contentUrl\":\"https:\/\/secure.gravatar.com\/avatar\/8d0970cc7fcad0b602d4a863ef0daade?s=96&d=mm&r=g\",\"caption\":\"jonas\"},\"url\":\"https:\/\/www.resonnance.org\/ro\/author\/jonas\/\"}]}<\/script>\n<!-- \/ Yoast SEO plugin. -->","yoast_head_json":{"title":"Vous \u00eates musicien et souhaitez porter votre talent en participant aux concerts de solidarit\u00e9 - Romania","robots":{"index":"index","follow":"follow","max-snippet":"max-snippet:-1","max-image-preview":"max-image-preview:large","max-video-preview":"max-video-preview:-1"},"canonical":"https:\/\/www.resonnance.org\/ro\/vous-etes-musicien-et-souhaitez-porter-votre-talent-en-participant-aux-concerts-de-solidarite\/","og_locale":"ro_RO","og_type":"article","og_title":"Vous \u00eates musicien et souhaitez porter votre talent en participant aux concerts de solidarit\u00e9 - Romania","og_description":"Entrez dans l'aventure de la fondation R\u00e9sonnance. La fondation vous propose de participer \u00e0 un r\u00e9seau de concerts tout en recevant l'encadrement d'une formation sp\u00e9cifique.","og_url":"https:\/\/www.resonnance.org\/ro\/vous-etes-musicien-et-souhaitez-porter-votre-talent-en-participant-aux-concerts-de-solidarite\/","og_site_name":"Romania","article_published_time":"2016-11-03T12:36:55+00:00","article_modified_time":"2017-01-23T16:52:54+00:00","author":"jonas","twitter_card":"summary_large_image","twitter_misc":{"Written by":"jonas"},"schema":{"@context":"https:\/\/schema.org","@graph":[{"@type":"WebPage","@id":"https:\/\/www.resonnance.org\/ro\/vous-etes-musicien-et-souhaitez-porter-votre-talent-en-participant-aux-concerts-de-solidarite\/","url":"https:\/\/www.resonnance.org\/ro\/vous-etes-musicien-et-souhaitez-porter-votre-talent-en-participant-aux-concerts-de-solidarite\/","name":"Vous \u00eates musicien et souhaitez porter votre talent en participant aux concerts de solidarit\u00e9 - Romania","isPartOf":{"@id":"https:\/\/www.resonnance.org\/ro\/#website"},"datePublished":"2016-11-03T12:36:55+00:00","dateModified":"2017-01-23T16:52:54+00:00","author":{"@id":"https:\/\/www.resonnance.org\/ro\/#\/schema\/person\/40c99e385f4cf83a5a6dbc1d95a601bb"},"breadcrumb":{"@id":"https:\/\/www.resonnance.org\/ro\/vous-etes-musicien-et-souhaitez-porter-votre-talent-en-participant-aux-concerts-de-solidarite\/#breadcrumb"},"inLanguage":"ro-RO","potentialAction":[{"@type":"ReadAction","target":["https:\/\/www.resonnance.org\/ro\/vous-etes-musicien-et-souhaitez-porter-votre-talent-en-participant-aux-concerts-de-solidarite\/"]}]},{"@type":"BreadcrumbList","@id":"https:\/\/www.resonnance.org\/ro\/vous-etes-musicien-et-souhaitez-porter-votre-talent-en-participant-aux-concerts-de-solidarite\/#breadcrumb","itemListElement":[{"@type":"ListItem","position":1,"name":"Accueil","item":"http:\/\/www.resonnance.org\/ro\/"},{"@type":"ListItem","position":2,"name":"Vous \u00eates musicien et souhaitez porter votre talent en participant aux concerts de solidarit\u00e9"}]},{"@type":"WebSite","@id":"https:\/\/www.resonnance.org\/ro\/#website","url":"https:\/\/www.resonnance.org\/ro\/","name":"Romania","description":"O lume \u00een R\u00e9sonnance","potentialAction":[{"@type":"SearchAction","target":{"@type":"EntryPoint","urlTemplate":"https:\/\/www.resonnance.org\/ro\/?s={search_term_string}"},"query-input":{"@type":"PropertyValueSpecification","valueRequired":true,"valueName":"search_term_string"}}],"inLanguage":"ro-RO"},{"@type":"Person","@id":"https:\/\/www.resonnance.org\/ro\/#\/schema\/person\/40c99e385f4cf83a5a6dbc1d95a601bb","name":"jonas","image":{"@type":"ImageObject","inLanguage":"ro-RO","@id":"https:\/\/www.resonnance.org\/ro\/#\/schema\/person\/image\/","url":"https:\/\/secure.gravatar.com\/avatar\/8d0970cc7fcad0b602d4a863ef0daade?s=96&d=mm&r=g","contentUrl":"https:\/\/secure.gravatar.com\/avatar\/8d0970cc7fcad0b602d4a863ef0daade?s=96&d=mm&r=g","caption":"jonas"},"url":"https:\/\/www.resonnance.org\/ro\/author\/jonas\/"}]}},"_links":{"self":[{"href":"https:\/\/www.resonnance.org\/ro\/wp-json\/wp\/v2\/posts\/6379","targetHints":{"allow":["GET"]}}],"collection":[{"href":"https:\/\/www.resonnance.org\/ro\/wp-json\/wp\/v2\/posts"}],"about":[{"href":"https:\/\/www.resonnance.org\/ro\/wp-json\/wp\/v2\/types\/post"}],"author":[{"embeddable":true,"href":"https:\/\/www.resonnance.org\/ro\/wp-json\/wp\/v2\/users\/1"}],"replies":[{"embeddable":true,"href":"https:\/\/www.resonnance.org\/ro\/wp-json\/wp\/v2\/comments?post=6379"}],"version-history":[{"count":1,"href":"https:\/\/www.resonnance.org\/ro\/wp-json\/wp\/v2\/posts\/6379\/revisions"}],"predecessor-version":[{"id":9065,"href":"https:\/\/www.resonnance.org\/ro\/wp-json\/wp\/v2\/posts\/6379\/revisions\/9065"}],"wp:attachment":[{"href":"https:\/\/www.resonnance.org\/ro\/wp-json\/wp\/v2\/media?parent=6379"}],"wp:term":[{"taxonomy":"category","embeddable":true,"href":"https:\/\/www.resonnance.org\/ro\/wp-json\/wp\/v2\/categories?post=6379"},{"taxonomy":"post_tag","embeddable":true,"href":"https:\/\/www.resonnance.org\/ro\/wp-json\/wp\/v2\/tags?post=6379"}],"curies":[{"name":"wp","href":"https:\/\/api.w.org\/{rel}","templated":true}]}}