{"id":6477,"date":"2019-05-04T12:37:40","date_gmt":"2019-05-04T10:37:40","guid":{"rendered":"https:\/\/www.resonnance.org\/es\/les-ecoles-resonnance\/"},"modified":"2019-05-30T21:36:01","modified_gmt":"2019-05-30T19:36:01","slug":"formacion-resonnance","status":"publish","type":"post","link":"https:\/\/www.resonnance.org\/es\/formacion-resonnance\/","title":{"rendered":"Formaci\u00f3n R\u00e9sonnance"},"content":{"rendered":"<h2>principios<\/h2>\n<p><strong>1. La Pedagog\u00eda R\u00e9sonnance: Fenomenolog\u00eda del Sonido y del Gesto<\/strong><\/p>\n<p>La Fenomenolog\u00eda del Sonido se extiende a dos campos de investigaci\u00f3n y experiencia:<\/p>\n<ul style=\"list-style-type: square\">\n<li>El orden intr\u00ednseco de los fen\u00f3menos sonoros y sus leyes f\u00edsicas.<\/li>\n<li>La relaci\u00f3n entre los fen\u00f3menos sonoros, la forma en la que nuestra conciencia los percibe y los efectos que producen en nuestro mundo afectivo.<\/li>\n<\/ul>\n<p>Por otra parte, la Fenomenolog\u00eda del Gesto tambi\u00e9n comprende dos campos de investigaci\u00f3n y experiencia:<\/p>\n<ul style=\"list-style-type: square\">\n<li>El estudio biomec\u00e1nico del cuerpo en la interpretaci\u00f3n musical.<\/li>\n<li>La unificaci\u00f3n entre el fraseo musical y el gesto y la respiraci\u00f3n.<\/li>\n<\/ul>\n<p><strong>2. La ausencia de esp\u00edritu competitivo<\/strong><\/p>\n<p>El reto de la formaci\u00f3n R\u00e9sonnance no es negar la disciplina, sino afirmar que, en su forma aut\u00e9ntica, se impone como una necesidad interna y no como una r\u00edgida norma impuesta desde el exterior. As\u00ed, la disciplina se genera a partir de la conciencia de cada estudiante de su propia responsabilidad hacia las exigencias inherentes a la naturaleza de la m\u00fasica.\u00a0Liberados de las presiones ligadas frecuentemente a la competitividad, todo el mundo puede adaptar su proyecto musical a su propia realidad.<\/p>\n<p><strong>3. <\/strong><strong>La gratuidad de la ense\u00f1anza<\/strong><\/p>\n<p>La gratuidad es ante todo un estado interior, una opci\u00f3n de vida que nos ense\u00f1a que s\u00f3lo en libertad podemos manifestar todas nuestras capacidades. El verdadero don no es tanto lo que recibimos al nacer en t\u00e9rminos de \u00ab\u00a0talento \u00bb, sino lo que somos capaces de ofrecer humildemente desde el coraz\u00f3n. M\u00e1s all\u00e1 de las opciones espirituales de cada uno, a trav\u00e9s de la experiencia del don puede revelarse la dimensi\u00f3n justa, accesible a cada ser humano, que nos eleva por encima de los simples mecanismos naturales. Adem\u00e1s, la <span class=\"\">ense\u00f1anza\u00a0<\/span>gratuita permite alejar algunas presiones inevitables que el dinero implica, particularmente en las complejas relaciones entre los maestros, los alumnos e incluso los padres.<\/p>\n<p><strong>4. <\/strong><strong>La ausencia de l\u00edmite de edad<\/strong><\/p>\n<p>La m\u00fasica nos ense\u00f1a otra relaci\u00f3n con el tiempo, diferente de la que conocemos en la vida cotidiana. La formaci\u00f3n R\u00e9sonnance permite que cada uno pueda realizar su propio viaje interior en completa libertad. Respetar y tener en cuenta esta realidad suprime la necesidad de establecer un l\u00edmite de edad y representa una de las primeras condiciones de una educaci\u00f3n musical amplia. Cada uno puede aportar as\u00ed su piedra al gran edificio de la m\u00fasica.<\/p>\n","protected":false},"excerpt":{"rendered":"<p>Caracterizada por la difusi\u00f3n de la Fenomenolog\u00eda del Sonido y del Gesto, la ausencia de esp\u00edritu competitivo y de l\u00edmite de edad y la gratuidad de la ense\u00f1anza.<\/p>\n","protected":false},"author":1,"featured_media":0,"comment_status":"open","ping_status":"open","sticky":false,"template":"","format":"aside","meta":{"_acf_changed":false,"footnotes":""},"categories":[],"tags":[],"class_list":["post-6477","post","type-post","status-publish","format-aside","hentry","post_format-post-format-aside"],"acf":[],"yoast_head":"<!-- This site is optimized with the Yoast SEO plugin v23.9 - https:\/\/yoast.com\/wordpress\/plugins\/seo\/ -->\n<title>Formaci\u00f3n R\u00e9sonnance - Espagne<\/title>\n<meta name=\"robots\" content=\"index, follow, max-snippet:-1, max-image-preview:large, max-video-preview:-1\" \/>\n<link rel=\"canonical\" href=\"https:\/\/www.resonnance.org\/es\/formacion-resonnance\/\" \/>\n<meta property=\"og:locale\" content=\"es_ES\" \/>\n<meta property=\"og:type\" content=\"article\" \/>\n<meta property=\"og:title\" content=\"Formaci\u00f3n R\u00e9sonnance - Espagne\" \/>\n<meta property=\"og:description\" content=\"Caracterizada por la difusi\u00f3n de la Fenomenolog\u00eda del Sonido y del Gesto, la ausencia de esp\u00edritu competitivo y de l\u00edmite de edad y la gratuidad de la ense\u00f1anza.\" \/>\n<meta property=\"og:url\" content=\"https:\/\/www.resonnance.org\/es\/formacion-resonnance\/\" \/>\n<meta property=\"og:site_name\" content=\"Espagne\" \/>\n<meta property=\"article:published_time\" content=\"2019-05-04T10:37:40+00:00\" \/>\n<meta property=\"article:modified_time\" content=\"2019-05-30T19:36:01+00:00\" \/>\n<meta name=\"author\" content=\"jonas\" \/>\n<meta name=\"twitter:card\" content=\"summary_large_image\" \/>\n<meta name=\"twitter:label1\" content=\"Written by\" \/>\n\t<meta name=\"twitter:data1\" content=\"jonas\" \/>\n\t<meta name=\"twitter:label2\" content=\"Est. reading time\" \/>\n\t<meta name=\"twitter:data2\" content=\"2 minutos\" \/>\n<script type=\"application\/ld+json\" class=\"yoast-schema-graph\">{\"@context\":\"https:\/\/schema.org\",\"@graph\":[{\"@type\":\"WebPage\",\"@id\":\"https:\/\/www.resonnance.org\/es\/formacion-resonnance\/\",\"url\":\"https:\/\/www.resonnance.org\/es\/formacion-resonnance\/\",\"name\":\"Formaci\u00f3n R\u00e9sonnance - Espagne\",\"isPartOf\":{\"@id\":\"https:\/\/www.resonnance.org\/es\/#website\"},\"datePublished\":\"2019-05-04T10:37:40+00:00\",\"dateModified\":\"2019-05-30T19:36:01+00:00\",\"author\":{\"@id\":\"https:\/\/www.resonnance.org\/es\/#\/schema\/person\/40c99e385f4cf83a5a6dbc1d95a601bb\"},\"breadcrumb\":{\"@id\":\"https:\/\/www.resonnance.org\/es\/formacion-resonnance\/#breadcrumb\"},\"inLanguage\":\"es-ES\",\"potentialAction\":[{\"@type\":\"ReadAction\",\"target\":[\"https:\/\/www.resonnance.org\/es\/formacion-resonnance\/\"]}]},{\"@type\":\"BreadcrumbList\",\"@id\":\"https:\/\/www.resonnance.org\/es\/formacion-resonnance\/#breadcrumb\",\"itemListElement\":[{\"@type\":\"ListItem\",\"position\":1,\"name\":\"Accueil\",\"item\":\"http:\/\/www.resonnance.org\/es\/\"},{\"@type\":\"ListItem\",\"position\":2,\"name\":\"Formaci\u00f3n R\u00e9sonnance\"}]},{\"@type\":\"WebSite\",\"@id\":\"https:\/\/www.resonnance.org\/es\/#website\",\"url\":\"https:\/\/www.resonnance.org\/es\/\",\"name\":\"Espagne\",\"description\":\"Un monde en R\u00e9sonnance\",\"potentialAction\":[{\"@type\":\"SearchAction\",\"target\":{\"@type\":\"EntryPoint\",\"urlTemplate\":\"https:\/\/www.resonnance.org\/es\/?s={search_term_string}\"},\"query-input\":{\"@type\":\"PropertyValueSpecification\",\"valueRequired\":true,\"valueName\":\"search_term_string\"}}],\"inLanguage\":\"es-ES\"},{\"@type\":\"Person\",\"@id\":\"https:\/\/www.resonnance.org\/es\/#\/schema\/person\/40c99e385f4cf83a5a6dbc1d95a601bb\",\"name\":\"jonas\",\"image\":{\"@type\":\"ImageObject\",\"inLanguage\":\"es-ES\",\"@id\":\"https:\/\/www.resonnance.org\/es\/#\/schema\/person\/image\/\",\"url\":\"https:\/\/secure.gravatar.com\/avatar\/8d0970cc7fcad0b602d4a863ef0daade?s=96&d=mm&r=g\",\"contentUrl\":\"https:\/\/secure.gravatar.com\/avatar\/8d0970cc7fcad0b602d4a863ef0daade?s=96&d=mm&r=g\",\"caption\":\"jonas\"},\"url\":\"https:\/\/www.resonnance.org\/es\/author\/jonas\/\"}]}<\/script>\n<!-- \/ Yoast SEO plugin. -->","yoast_head_json":{"title":"Formaci\u00f3n R\u00e9sonnance - Espagne","robots":{"index":"index","follow":"follow","max-snippet":"max-snippet:-1","max-image-preview":"max-image-preview:large","max-video-preview":"max-video-preview:-1"},"canonical":"https:\/\/www.resonnance.org\/es\/formacion-resonnance\/","og_locale":"es_ES","og_type":"article","og_title":"Formaci\u00f3n R\u00e9sonnance - Espagne","og_description":"Caracterizada por la difusi\u00f3n de la Fenomenolog\u00eda del Sonido y del Gesto, la ausencia de esp\u00edritu competitivo y de l\u00edmite de edad y la gratuidad de la ense\u00f1anza.","og_url":"https:\/\/www.resonnance.org\/es\/formacion-resonnance\/","og_site_name":"Espagne","article_published_time":"2019-05-04T10:37:40+00:00","article_modified_time":"2019-05-30T19:36:01+00:00","author":"jonas","twitter_card":"summary_large_image","twitter_misc":{"Written by":"jonas","Est. reading time":"2 minutos"},"schema":{"@context":"https:\/\/schema.org","@graph":[{"@type":"WebPage","@id":"https:\/\/www.resonnance.org\/es\/formacion-resonnance\/","url":"https:\/\/www.resonnance.org\/es\/formacion-resonnance\/","name":"Formaci\u00f3n R\u00e9sonnance - Espagne","isPartOf":{"@id":"https:\/\/www.resonnance.org\/es\/#website"},"datePublished":"2019-05-04T10:37:40+00:00","dateModified":"2019-05-30T19:36:01+00:00","author":{"@id":"https:\/\/www.resonnance.org\/es\/#\/schema\/person\/40c99e385f4cf83a5a6dbc1d95a601bb"},"breadcrumb":{"@id":"https:\/\/www.resonnance.org\/es\/formacion-resonnance\/#breadcrumb"},"inLanguage":"es-ES","potentialAction":[{"@type":"ReadAction","target":["https:\/\/www.resonnance.org\/es\/formacion-resonnance\/"]}]},{"@type":"BreadcrumbList","@id":"https:\/\/www.resonnance.org\/es\/formacion-resonnance\/#breadcrumb","itemListElement":[{"@type":"ListItem","position":1,"name":"Accueil","item":"http:\/\/www.resonnance.org\/es\/"},{"@type":"ListItem","position":2,"name":"Formaci\u00f3n R\u00e9sonnance"}]},{"@type":"WebSite","@id":"https:\/\/www.resonnance.org\/es\/#website","url":"https:\/\/www.resonnance.org\/es\/","name":"Espagne","description":"Un monde en R\u00e9sonnance","potentialAction":[{"@type":"SearchAction","target":{"@type":"EntryPoint","urlTemplate":"https:\/\/www.resonnance.org\/es\/?s={search_term_string}"},"query-input":{"@type":"PropertyValueSpecification","valueRequired":true,"valueName":"search_term_string"}}],"inLanguage":"es-ES"},{"@type":"Person","@id":"https:\/\/www.resonnance.org\/es\/#\/schema\/person\/40c99e385f4cf83a5a6dbc1d95a601bb","name":"jonas","image":{"@type":"ImageObject","inLanguage":"es-ES","@id":"https:\/\/www.resonnance.org\/es\/#\/schema\/person\/image\/","url":"https:\/\/secure.gravatar.com\/avatar\/8d0970cc7fcad0b602d4a863ef0daade?s=96&d=mm&r=g","contentUrl":"https:\/\/secure.gravatar.com\/avatar\/8d0970cc7fcad0b602d4a863ef0daade?s=96&d=mm&r=g","caption":"jonas"},"url":"https:\/\/www.resonnance.org\/es\/author\/jonas\/"}]}},"_links":{"self":[{"href":"https:\/\/www.resonnance.org\/es\/wp-json\/wp\/v2\/posts\/6477","targetHints":{"allow":["GET"]}}],"collection":[{"href":"https:\/\/www.resonnance.org\/es\/wp-json\/wp\/v2\/posts"}],"about":[{"href":"https:\/\/www.resonnance.org\/es\/wp-json\/wp\/v2\/types\/post"}],"author":[{"embeddable":true,"href":"https:\/\/www.resonnance.org\/es\/wp-json\/wp\/v2\/users\/1"}],"replies":[{"embeddable":true,"href":"https:\/\/www.resonnance.org\/es\/wp-json\/wp\/v2\/comments?post=6477"}],"version-history":[{"count":30,"href":"https:\/\/www.resonnance.org\/es\/wp-json\/wp\/v2\/posts\/6477\/revisions"}],"predecessor-version":[{"id":10678,"href":"https:\/\/www.resonnance.org\/es\/wp-json\/wp\/v2\/posts\/6477\/revisions\/10678"}],"wp:attachment":[{"href":"https:\/\/www.resonnance.org\/es\/wp-json\/wp\/v2\/media?parent=6477"}],"wp:term":[{"taxonomy":"category","embeddable":true,"href":"https:\/\/www.resonnance.org\/es\/wp-json\/wp\/v2\/categories?post=6477"},{"taxonomy":"post_tag","embeddable":true,"href":"https:\/\/www.resonnance.org\/es\/wp-json\/wp\/v2\/tags?post=6477"}],"curies":[{"name":"wp","href":"https:\/\/api.w.org\/{rel}","templated":true}]}}