{"id":6354,"date":"2018-05-30T12:26:23","date_gmt":"2018-05-30T10:26:23","guid":{"rendered":"https:\/\/www.resonnance.org\/es\/academie-resonnance\/"},"modified":"2019-06-01T23:26:55","modified_gmt":"2019-06-01T21:26:55","slug":"academie-resonnance","status":"publish","type":"post","link":"https:\/\/www.resonnance.org\/es\/academie-resonnance\/","title":{"rendered":"Academia Internacional"},"content":{"rendered":"<p>La Academia Internacional R\u00e9sonnance, con sede principal en Morges (Suiza), ofrece una Especializaci\u00f3n Musical en Pedagog\u00eda R\u00e9sonnance: Fenomenolog\u00eda del Sonido y del Gesto<em>,<\/em> mediante la realizaci\u00f3n de encuentros intensivos abiertos a pianistas, cantantes, otros instrumentistas, directores de orquesta y grupos de c\u00e1mara de nivel superior.<\/p>\n<p>Los encuentros tienen una duraci\u00f3n de 3 a 6 d\u00edas y ofrecen:<\/p>\n<ul style=\"list-style-type: square\">\n<li>De dos a cuatro a clases magistrales con el profesor principal (o , en su defecto, dos de las sesiones son a cargo de un profesor asistente).*<\/li>\n<li>Una sesi\u00f3n diaria dedicada al estudio de un m\u00f3dulo te\u00f3rico sobre la Fenomenolog\u00eda del\u00a0Sonido y del Gesto.<\/li>\n<li>Conferencias en relaci\u00f3n a la Pedagog\u00eda R\u00e9sonnance y la vida de los compositores o de los int\u00e9rpretes.<\/li>\n<li>La posibilidad de tocar uno o dos conciertos en centros m\u00e9dico sociales (hogares de acogida, hospitales, instituciones especializadas, etc.).<\/li>\n<\/ul>\n<p>A determinaci\u00f3n del profesor, algunos de los alumnos activos asistentes podr\u00e1n ser invitados a:<\/p>\n<ul style=\"list-style-type: square\">\n<li>Participar en los conciertos de la Fondation R\u00e9sonnance celebrados en la sala Paderewski del Casino de Montbenon (Lausanne) o en el Th\u00e9\u00e2tre de Beausobre (Morges).<\/li>\n<li>Tocar en centros m\u00e9dico sociales de las filiales de la Fondation R\u00e9sonnance en el mundo.<\/li>\n<\/ul>\n<p>La Academia Internacional R\u00e9sonnance centra su actividad principalmente en Morges (Suiza) y Roma (Italia) aunque tambi\u00e9n cuenta con el apoyo de las siguientes Universidades y Conservatorios de M\u00fasica Internacionales para la realizaci\u00f3n de actividades acad\u00e9micas en Paris, Bucarest,\u00a0Beyrouth, o Louvain:<\/p>\n<ul style=\"list-style-type: square\">\n<li>EPFL \u2013\u00a0Ecole Polytechnique F\u00e9d\u00e9rale de Lausanne (Suisse)<\/li>\n<li>Universit\u00e9 Roma Tre (Italie)<\/li>\n<li>Conservatoire Santa Cecilia, Rome<\/li>\n<li>Conservatoire Russe Serge Rachmaninoff, Paris<\/li>\n<li>Universit\u00e9 Catholique de Louvain (Belgique)<\/li>\n<li>Conservatoire National Sup\u00e9rieur de Musique, Beyrouth<\/li>\n<li>Universit\u00e9 Nationale de Musique de Bucarest (Roumanie)<\/li>\n<li>Universit\u00e9 d&#8217;Art George Enescu de Iasi (Roumanie)<\/li>\n<\/ul>\n<section class=\"white-page clearfix\">* <span style=\"font-size: 22px;text-align: justify\">Los participantes en el curso de direcci\u00f3n de orquesta tendr\u00e1n la posibilidad de trabajar con un ensemble de m\u00fasicos de <\/span><em style=\"font-size: 22px;text-align: justify\">OSR\u00e9<\/em><span style=\"font-size: 22px;text-align: justify\">, <\/span><em style=\"font-size: 22px;text-align: justify\">Orchestre Solidaire R\u00e9sonnance<\/em><span style=\"font-size: 22px;text-align: justify\">.\u00a0<\/span><\/section>\n<section><\/section>\n<p>&nbsp;<\/p>\n","protected":false},"excerpt":{"rendered":"<p>Sede principal en Morges (Suiza)<\/p>\n","protected":false},"author":1,"featured_media":0,"comment_status":"open","ping_status":"open","sticky":false,"template":"","format":"aside","meta":{"_acf_changed":false,"footnotes":""},"categories":[],"tags":[],"class_list":["post-6354","post","type-post","status-publish","format-aside","hentry","post_format-post-format-aside"],"acf":[],"yoast_head":"<!-- This site is optimized with the Yoast SEO plugin v23.9 - https:\/\/yoast.com\/wordpress\/plugins\/seo\/ -->\n<title>Academia Internacional - Espagne<\/title>\n<meta name=\"robots\" content=\"index, follow, max-snippet:-1, max-image-preview:large, max-video-preview:-1\" \/>\n<link rel=\"canonical\" href=\"https:\/\/www.resonnance.org\/es\/academie-resonnance\/\" \/>\n<meta property=\"og:locale\" content=\"es_ES\" \/>\n<meta property=\"og:type\" content=\"article\" \/>\n<meta property=\"og:title\" content=\"Academia Internacional - Espagne\" \/>\n<meta property=\"og:description\" content=\"Sede principal en Morges (Suiza)\" \/>\n<meta property=\"og:url\" content=\"https:\/\/www.resonnance.org\/es\/academie-resonnance\/\" \/>\n<meta property=\"og:site_name\" content=\"Espagne\" \/>\n<meta property=\"article:published_time\" content=\"2018-05-30T10:26:23+00:00\" \/>\n<meta property=\"article:modified_time\" content=\"2019-06-01T21:26:55+00:00\" \/>\n<meta name=\"author\" content=\"jonas\" \/>\n<meta name=\"twitter:card\" content=\"summary_large_image\" \/>\n<meta name=\"twitter:label1\" content=\"Written by\" \/>\n\t<meta name=\"twitter:data1\" content=\"jonas\" \/>\n\t<meta name=\"twitter:label2\" content=\"Est. reading time\" \/>\n\t<meta name=\"twitter:data2\" content=\"2 minutos\" \/>\n<script type=\"application\/ld+json\" class=\"yoast-schema-graph\">{\"@context\":\"https:\/\/schema.org\",\"@graph\":[{\"@type\":\"WebPage\",\"@id\":\"https:\/\/www.resonnance.org\/es\/academie-resonnance\/\",\"url\":\"https:\/\/www.resonnance.org\/es\/academie-resonnance\/\",\"name\":\"Academia Internacional - Espagne\",\"isPartOf\":{\"@id\":\"https:\/\/www.resonnance.org\/es\/#website\"},\"datePublished\":\"2018-05-30T10:26:23+00:00\",\"dateModified\":\"2019-06-01T21:26:55+00:00\",\"author\":{\"@id\":\"https:\/\/www.resonnance.org\/es\/#\/schema\/person\/40c99e385f4cf83a5a6dbc1d95a601bb\"},\"breadcrumb\":{\"@id\":\"https:\/\/www.resonnance.org\/es\/academie-resonnance\/#breadcrumb\"},\"inLanguage\":\"es-ES\",\"potentialAction\":[{\"@type\":\"ReadAction\",\"target\":[\"https:\/\/www.resonnance.org\/es\/academie-resonnance\/\"]}]},{\"@type\":\"BreadcrumbList\",\"@id\":\"https:\/\/www.resonnance.org\/es\/academie-resonnance\/#breadcrumb\",\"itemListElement\":[{\"@type\":\"ListItem\",\"position\":1,\"name\":\"Accueil\",\"item\":\"http:\/\/www.resonnance.org\/es\/\"},{\"@type\":\"ListItem\",\"position\":2,\"name\":\"Academia Internacional\"}]},{\"@type\":\"WebSite\",\"@id\":\"https:\/\/www.resonnance.org\/es\/#website\",\"url\":\"https:\/\/www.resonnance.org\/es\/\",\"name\":\"Espagne\",\"description\":\"Un monde en R\u00e9sonnance\",\"potentialAction\":[{\"@type\":\"SearchAction\",\"target\":{\"@type\":\"EntryPoint\",\"urlTemplate\":\"https:\/\/www.resonnance.org\/es\/?s={search_term_string}\"},\"query-input\":{\"@type\":\"PropertyValueSpecification\",\"valueRequired\":true,\"valueName\":\"search_term_string\"}}],\"inLanguage\":\"es-ES\"},{\"@type\":\"Person\",\"@id\":\"https:\/\/www.resonnance.org\/es\/#\/schema\/person\/40c99e385f4cf83a5a6dbc1d95a601bb\",\"name\":\"jonas\",\"image\":{\"@type\":\"ImageObject\",\"inLanguage\":\"es-ES\",\"@id\":\"https:\/\/www.resonnance.org\/es\/#\/schema\/person\/image\/\",\"url\":\"https:\/\/secure.gravatar.com\/avatar\/8d0970cc7fcad0b602d4a863ef0daade?s=96&d=mm&r=g\",\"contentUrl\":\"https:\/\/secure.gravatar.com\/avatar\/8d0970cc7fcad0b602d4a863ef0daade?s=96&d=mm&r=g\",\"caption\":\"jonas\"},\"url\":\"https:\/\/www.resonnance.org\/es\/author\/jonas\/\"}]}<\/script>\n<!-- \/ Yoast SEO plugin. -->","yoast_head_json":{"title":"Academia Internacional - Espagne","robots":{"index":"index","follow":"follow","max-snippet":"max-snippet:-1","max-image-preview":"max-image-preview:large","max-video-preview":"max-video-preview:-1"},"canonical":"https:\/\/www.resonnance.org\/es\/academie-resonnance\/","og_locale":"es_ES","og_type":"article","og_title":"Academia Internacional - Espagne","og_description":"Sede principal en Morges (Suiza)","og_url":"https:\/\/www.resonnance.org\/es\/academie-resonnance\/","og_site_name":"Espagne","article_published_time":"2018-05-30T10:26:23+00:00","article_modified_time":"2019-06-01T21:26:55+00:00","author":"jonas","twitter_card":"summary_large_image","twitter_misc":{"Written by":"jonas","Est. reading time":"2 minutos"},"schema":{"@context":"https:\/\/schema.org","@graph":[{"@type":"WebPage","@id":"https:\/\/www.resonnance.org\/es\/academie-resonnance\/","url":"https:\/\/www.resonnance.org\/es\/academie-resonnance\/","name":"Academia Internacional - Espagne","isPartOf":{"@id":"https:\/\/www.resonnance.org\/es\/#website"},"datePublished":"2018-05-30T10:26:23+00:00","dateModified":"2019-06-01T21:26:55+00:00","author":{"@id":"https:\/\/www.resonnance.org\/es\/#\/schema\/person\/40c99e385f4cf83a5a6dbc1d95a601bb"},"breadcrumb":{"@id":"https:\/\/www.resonnance.org\/es\/academie-resonnance\/#breadcrumb"},"inLanguage":"es-ES","potentialAction":[{"@type":"ReadAction","target":["https:\/\/www.resonnance.org\/es\/academie-resonnance\/"]}]},{"@type":"BreadcrumbList","@id":"https:\/\/www.resonnance.org\/es\/academie-resonnance\/#breadcrumb","itemListElement":[{"@type":"ListItem","position":1,"name":"Accueil","item":"http:\/\/www.resonnance.org\/es\/"},{"@type":"ListItem","position":2,"name":"Academia Internacional"}]},{"@type":"WebSite","@id":"https:\/\/www.resonnance.org\/es\/#website","url":"https:\/\/www.resonnance.org\/es\/","name":"Espagne","description":"Un monde en R\u00e9sonnance","potentialAction":[{"@type":"SearchAction","target":{"@type":"EntryPoint","urlTemplate":"https:\/\/www.resonnance.org\/es\/?s={search_term_string}"},"query-input":{"@type":"PropertyValueSpecification","valueRequired":true,"valueName":"search_term_string"}}],"inLanguage":"es-ES"},{"@type":"Person","@id":"https:\/\/www.resonnance.org\/es\/#\/schema\/person\/40c99e385f4cf83a5a6dbc1d95a601bb","name":"jonas","image":{"@type":"ImageObject","inLanguage":"es-ES","@id":"https:\/\/www.resonnance.org\/es\/#\/schema\/person\/image\/","url":"https:\/\/secure.gravatar.com\/avatar\/8d0970cc7fcad0b602d4a863ef0daade?s=96&d=mm&r=g","contentUrl":"https:\/\/secure.gravatar.com\/avatar\/8d0970cc7fcad0b602d4a863ef0daade?s=96&d=mm&r=g","caption":"jonas"},"url":"https:\/\/www.resonnance.org\/es\/author\/jonas\/"}]}},"_links":{"self":[{"href":"https:\/\/www.resonnance.org\/es\/wp-json\/wp\/v2\/posts\/6354","targetHints":{"allow":["GET"]}}],"collection":[{"href":"https:\/\/www.resonnance.org\/es\/wp-json\/wp\/v2\/posts"}],"about":[{"href":"https:\/\/www.resonnance.org\/es\/wp-json\/wp\/v2\/types\/post"}],"author":[{"embeddable":true,"href":"https:\/\/www.resonnance.org\/es\/wp-json\/wp\/v2\/users\/1"}],"replies":[{"embeddable":true,"href":"https:\/\/www.resonnance.org\/es\/wp-json\/wp\/v2\/comments?post=6354"}],"version-history":[{"count":30,"href":"https:\/\/www.resonnance.org\/es\/wp-json\/wp\/v2\/posts\/6354\/revisions"}],"predecessor-version":[{"id":10777,"href":"https:\/\/www.resonnance.org\/es\/wp-json\/wp\/v2\/posts\/6354\/revisions\/10777"}],"wp:attachment":[{"href":"https:\/\/www.resonnance.org\/es\/wp-json\/wp\/v2\/media?parent=6354"}],"wp:term":[{"taxonomy":"category","embeddable":true,"href":"https:\/\/www.resonnance.org\/es\/wp-json\/wp\/v2\/categories?post=6354"},{"taxonomy":"post_tag","embeddable":true,"href":"https:\/\/www.resonnance.org\/es\/wp-json\/wp\/v2\/tags?post=6354"}],"curies":[{"name":"wp","href":"https:\/\/api.w.org\/{rel}","templated":true}]}}