{"id":10602,"date":"2019-05-29T01:57:30","date_gmt":"2019-05-28T23:57:30","guid":{"rendered":"http:\/\/www.resonnance.org\/es\/?p=10602"},"modified":"2020-02-13T12:33:49","modified_gmt":"2020-02-13T11:33:49","slug":"antena-resonnance","status":"publish","type":"post","link":"https:\/\/www.resonnance.org\/es\/antena-resonnance\/","title":{"rendered":"Antena R\u00e9sonnance"},"content":{"rendered":"<p><span style=\"font-weight: 400\">\u00bfDeseas colaborar para \u201cofrecer m\u00fasica cl\u00e1sica donde no la hay\u201d y ser admitido en el <\/span><span style=\"font-weight: 400\">programa gratuito de Especializaci\u00f3n Musical en Fenomenolog\u00eda? <\/span><\/p>\n<p><span style=\"font-weight: 400\">Env\u00eda un proyecto musical, donde se incluya la trayectoria acad\u00e9mica y musical, y una propuesta de repertorio a la direcci\u00f3n e-mail <em>infospain@resonnance.org<\/em>. El repertorio debe incluir obras diversas y adecuadas para su interpretaci\u00f3n en centros m\u00e9dico sociales y tener un duraci\u00f3n\u00a0 aproximada de 45\u2019 m\u00ednimo. <\/span><\/p>\n<p><span style=\"font-weight: 400\">La selecci\u00f3n de los m\u00fasicos voluntarios se realizar\u00e1 en funci\u00f3n de los proyectos presentados. Se valorar\u00e1n especialmente aquellos proyectos creados por formaciones de c\u00e1mara estables (preferentemente sin piano) que deseen colaborar.\u00a0<\/span><span style=\"font-weight: 400\">En cuanto a los int\u00e9rpretes que deseen participar como solistas, o con acompa\u00f1amiento de piano, se estudiar\u00e1 cada caso particularmente en funci\u00f3n del inter\u00e9s y la viabilidad del proyecto presentado.<\/span><\/p>\n<p><span style=\"font-weight: 400\">R\u00e9sonnance cuenta con la colaboraci\u00f3n de diversas entidades para la realizaci\u00f3n de sesiones formativas y ensayos dirigidos a la preparaci\u00f3n de los m\u00fasicos voluntarios para la acci\u00f3n musical en los centros m\u00e9dicos sociales.\u00a0<\/span><span style=\"font-weight: 400\">Estas sesiones se secuencian durante el curso escolar (de octubre a junio), tienen una duraci\u00f3n aproximada de una hora, una frecuencia quincenal o mensual y ponen el foco en la transmisi\u00f3n del m\u00e9todo fenomenol\u00f3gico y en la adaptaci\u00f3n a la intervenci\u00f3n musical en centros m\u00e9dico sociales.\u00a0<\/span><span style=\"font-weight: 400\">Los profesores establecen, en funci\u00f3n de cada caso particular, el n\u00famero de sesiones que son necesarias antes de llevar a cabo la actividad concert\u00edstica en los centros.<\/span><\/p>\n","protected":false},"excerpt":{"rendered":"<p>Sede de Barcelona<\/p>\n","protected":false},"author":12,"featured_media":0,"comment_status":"open","ping_status":"open","sticky":false,"template":"","format":"aside","meta":{"_acf_changed":false,"footnotes":""},"categories":[],"tags":[],"class_list":["post-10602","post","type-post","status-publish","format-aside","hentry","post_format-post-format-aside"],"acf":[],"yoast_head":"<!-- This site is optimized with the Yoast SEO plugin v23.9 - https:\/\/yoast.com\/wordpress\/plugins\/seo\/ -->\n<title>Antena R\u00e9sonnance - Espagne<\/title>\n<meta name=\"robots\" content=\"index, follow, max-snippet:-1, max-image-preview:large, max-video-preview:-1\" \/>\n<link rel=\"canonical\" href=\"https:\/\/www.resonnance.org\/es\/antena-resonnance\/\" \/>\n<meta property=\"og:locale\" content=\"es_ES\" \/>\n<meta property=\"og:type\" content=\"article\" \/>\n<meta property=\"og:title\" content=\"Antena R\u00e9sonnance - Espagne\" \/>\n<meta property=\"og:description\" content=\"Sede de Barcelona\" \/>\n<meta property=\"og:url\" content=\"https:\/\/www.resonnance.org\/es\/antena-resonnance\/\" \/>\n<meta property=\"og:site_name\" content=\"Espagne\" \/>\n<meta property=\"article:published_time\" content=\"2019-05-28T23:57:30+00:00\" \/>\n<meta property=\"article:modified_time\" content=\"2020-02-13T11:33:49+00:00\" \/>\n<meta name=\"author\" content=\"espagne\" \/>\n<meta name=\"twitter:card\" content=\"summary_large_image\" \/>\n<meta name=\"twitter:label1\" content=\"Written by\" \/>\n\t<meta name=\"twitter:data1\" content=\"espagne\" \/>\n\t<meta name=\"twitter:label2\" content=\"Est. reading time\" \/>\n\t<meta name=\"twitter:data2\" content=\"1 minuto\" \/>\n<script type=\"application\/ld+json\" class=\"yoast-schema-graph\">{\"@context\":\"https:\/\/schema.org\",\"@graph\":[{\"@type\":\"WebPage\",\"@id\":\"https:\/\/www.resonnance.org\/es\/antena-resonnance\/\",\"url\":\"https:\/\/www.resonnance.org\/es\/antena-resonnance\/\",\"name\":\"Antena R\u00e9sonnance - Espagne\",\"isPartOf\":{\"@id\":\"https:\/\/www.resonnance.org\/es\/#website\"},\"datePublished\":\"2019-05-28T23:57:30+00:00\",\"dateModified\":\"2020-02-13T11:33:49+00:00\",\"author\":{\"@id\":\"https:\/\/www.resonnance.org\/es\/#\/schema\/person\/829004c4b2e1d0dd1df9dc4da39b604a\"},\"breadcrumb\":{\"@id\":\"https:\/\/www.resonnance.org\/es\/antena-resonnance\/#breadcrumb\"},\"inLanguage\":\"es-ES\",\"potentialAction\":[{\"@type\":\"ReadAction\",\"target\":[\"https:\/\/www.resonnance.org\/es\/antena-resonnance\/\"]}]},{\"@type\":\"BreadcrumbList\",\"@id\":\"https:\/\/www.resonnance.org\/es\/antena-resonnance\/#breadcrumb\",\"itemListElement\":[{\"@type\":\"ListItem\",\"position\":1,\"name\":\"Accueil\",\"item\":\"http:\/\/www.resonnance.org\/es\/\"},{\"@type\":\"ListItem\",\"position\":2,\"name\":\"Antena R\u00e9sonnance\"}]},{\"@type\":\"WebSite\",\"@id\":\"https:\/\/www.resonnance.org\/es\/#website\",\"url\":\"https:\/\/www.resonnance.org\/es\/\",\"name\":\"Espagne\",\"description\":\"Un monde en R\u00e9sonnance\",\"potentialAction\":[{\"@type\":\"SearchAction\",\"target\":{\"@type\":\"EntryPoint\",\"urlTemplate\":\"https:\/\/www.resonnance.org\/es\/?s={search_term_string}\"},\"query-input\":{\"@type\":\"PropertyValueSpecification\",\"valueRequired\":true,\"valueName\":\"search_term_string\"}}],\"inLanguage\":\"es-ES\"},{\"@type\":\"Person\",\"@id\":\"https:\/\/www.resonnance.org\/es\/#\/schema\/person\/829004c4b2e1d0dd1df9dc4da39b604a\",\"name\":\"espagne\",\"image\":{\"@type\":\"ImageObject\",\"inLanguage\":\"es-ES\",\"@id\":\"https:\/\/www.resonnance.org\/es\/#\/schema\/person\/image\/\",\"url\":\"https:\/\/secure.gravatar.com\/avatar\/649bf839c0f8edd664c2ec0dd971fb31?s=96&d=mm&r=g\",\"contentUrl\":\"https:\/\/secure.gravatar.com\/avatar\/649bf839c0f8edd664c2ec0dd971fb31?s=96&d=mm&r=g\",\"caption\":\"espagne\"},\"url\":\"https:\/\/www.resonnance.org\/es\/author\/espagne\/\"}]}<\/script>\n<!-- \/ Yoast SEO plugin. -->","yoast_head_json":{"title":"Antena R\u00e9sonnance - Espagne","robots":{"index":"index","follow":"follow","max-snippet":"max-snippet:-1","max-image-preview":"max-image-preview:large","max-video-preview":"max-video-preview:-1"},"canonical":"https:\/\/www.resonnance.org\/es\/antena-resonnance\/","og_locale":"es_ES","og_type":"article","og_title":"Antena R\u00e9sonnance - Espagne","og_description":"Sede de Barcelona","og_url":"https:\/\/www.resonnance.org\/es\/antena-resonnance\/","og_site_name":"Espagne","article_published_time":"2019-05-28T23:57:30+00:00","article_modified_time":"2020-02-13T11:33:49+00:00","author":"espagne","twitter_card":"summary_large_image","twitter_misc":{"Written by":"espagne","Est. reading time":"1 minuto"},"schema":{"@context":"https:\/\/schema.org","@graph":[{"@type":"WebPage","@id":"https:\/\/www.resonnance.org\/es\/antena-resonnance\/","url":"https:\/\/www.resonnance.org\/es\/antena-resonnance\/","name":"Antena R\u00e9sonnance - Espagne","isPartOf":{"@id":"https:\/\/www.resonnance.org\/es\/#website"},"datePublished":"2019-05-28T23:57:30+00:00","dateModified":"2020-02-13T11:33:49+00:00","author":{"@id":"https:\/\/www.resonnance.org\/es\/#\/schema\/person\/829004c4b2e1d0dd1df9dc4da39b604a"},"breadcrumb":{"@id":"https:\/\/www.resonnance.org\/es\/antena-resonnance\/#breadcrumb"},"inLanguage":"es-ES","potentialAction":[{"@type":"ReadAction","target":["https:\/\/www.resonnance.org\/es\/antena-resonnance\/"]}]},{"@type":"BreadcrumbList","@id":"https:\/\/www.resonnance.org\/es\/antena-resonnance\/#breadcrumb","itemListElement":[{"@type":"ListItem","position":1,"name":"Accueil","item":"http:\/\/www.resonnance.org\/es\/"},{"@type":"ListItem","position":2,"name":"Antena R\u00e9sonnance"}]},{"@type":"WebSite","@id":"https:\/\/www.resonnance.org\/es\/#website","url":"https:\/\/www.resonnance.org\/es\/","name":"Espagne","description":"Un monde en R\u00e9sonnance","potentialAction":[{"@type":"SearchAction","target":{"@type":"EntryPoint","urlTemplate":"https:\/\/www.resonnance.org\/es\/?s={search_term_string}"},"query-input":{"@type":"PropertyValueSpecification","valueRequired":true,"valueName":"search_term_string"}}],"inLanguage":"es-ES"},{"@type":"Person","@id":"https:\/\/www.resonnance.org\/es\/#\/schema\/person\/829004c4b2e1d0dd1df9dc4da39b604a","name":"espagne","image":{"@type":"ImageObject","inLanguage":"es-ES","@id":"https:\/\/www.resonnance.org\/es\/#\/schema\/person\/image\/","url":"https:\/\/secure.gravatar.com\/avatar\/649bf839c0f8edd664c2ec0dd971fb31?s=96&d=mm&r=g","contentUrl":"https:\/\/secure.gravatar.com\/avatar\/649bf839c0f8edd664c2ec0dd971fb31?s=96&d=mm&r=g","caption":"espagne"},"url":"https:\/\/www.resonnance.org\/es\/author\/espagne\/"}]}},"_links":{"self":[{"href":"https:\/\/www.resonnance.org\/es\/wp-json\/wp\/v2\/posts\/10602","targetHints":{"allow":["GET"]}}],"collection":[{"href":"https:\/\/www.resonnance.org\/es\/wp-json\/wp\/v2\/posts"}],"about":[{"href":"https:\/\/www.resonnance.org\/es\/wp-json\/wp\/v2\/types\/post"}],"author":[{"embeddable":true,"href":"https:\/\/www.resonnance.org\/es\/wp-json\/wp\/v2\/users\/12"}],"replies":[{"embeddable":true,"href":"https:\/\/www.resonnance.org\/es\/wp-json\/wp\/v2\/comments?post=10602"}],"version-history":[{"count":10,"href":"https:\/\/www.resonnance.org\/es\/wp-json\/wp\/v2\/posts\/10602\/revisions"}],"predecessor-version":[{"id":10999,"href":"https:\/\/www.resonnance.org\/es\/wp-json\/wp\/v2\/posts\/10602\/revisions\/10999"}],"wp:attachment":[{"href":"https:\/\/www.resonnance.org\/es\/wp-json\/wp\/v2\/media?parent=10602"}],"wp:term":[{"taxonomy":"category","embeddable":true,"href":"https:\/\/www.resonnance.org\/es\/wp-json\/wp\/v2\/categories?post=10602"},{"taxonomy":"post_tag","embeddable":true,"href":"https:\/\/www.resonnance.org\/es\/wp-json\/wp\/v2\/tags?post=10602"}],"curies":[{"name":"wp","href":"https:\/\/api.w.org\/{rel}","templated":true}]}}