{"id":10389,"date":"2019-04-01T11:11:30","date_gmt":"2019-04-01T09:11:30","guid":{"rendered":"http:\/\/www.resonnance.org\/es\/?p=10389"},"modified":"2019-06-03T23:37:18","modified_gmt":"2019-06-03T21:37:18","slug":"participa","status":"publish","type":"post","link":"https:\/\/www.resonnance.org\/es\/participa\/","title":{"rendered":"Participa"},"content":{"rendered":"<p>R\u00e9sonnance brinda nuevas perspectivas sobre el valor y la misi\u00f3n del artista en la sociedad, creando una sinergia entre los conciertos y la trayectoria acad\u00e9mica.<\/p>\n<p>Las condiciones para colaborar como m\u00fasico voluntario en los programas de intervenci\u00f3n desarrollados por R\u00e9sonnance en nuestro pa\u00eds en hospitales, hogares de acogida, residencias de ancianos, instituciones penitenciarias y centros de atenci\u00f3n especializada\u00a0 son las siguientes:<\/p>\n<ul style=\"list-style-type: square;\">\n<li>Ser m\u00fasico profesional, del \u00e1rea de interpretaci\u00f3n de la m\u00fasica cl\u00e1sica, con titulaci\u00f3n superior o estudiante de los \u00faltimos cursos de ense\u00f1anzas superiores.<\/li>\n<li>Mostrar experiencia concert\u00edstica, habilidades comunicativas, sensibilidad por proyectos sociales y formaci\u00f3n en valores.<\/li>\n<li>Mostrar conocimientos en la comprensi\u00f3n de la Fenomenolog\u00eda\u00a0 o estar admitidos en el programa gratuito de Especializaci\u00f3n Musical en Fenomenolog\u00eda impartido en la antena R\u00e9sonnance de Barcelona. <a href=\"http:\/\/www.resonnance.org\/es\/antena-resonnance\/\" target=\"_blank\" rel=\"noopener\">Inf\u00f3rmate aqu\u00ed<\/a><\/li>\n<li>Presentar un proyecto musical donde se incluya la trayectoria acad\u00e9mica y musical y una propuesta de repertorio. \u00c9ste debe incluir\u00a0obras diversas y adecuadas para su interpretaci\u00f3n en centros m\u00e9dico sociales y el minutaje debe ser, como m\u00ednimo, de 45&#8242;.<\/li>\n<\/ul>\n<p>La selecci\u00f3n de los m\u00fasicos voluntarios se realizar\u00e1 en funci\u00f3n de los proyectos presentados. Se valorar\u00e1n especialmente aquellos proyectos creados por formaciones de c\u00e1mara estables (preferentemente sin piano) que deseen colaborar.<br \/>\nEn cuanto a los int\u00e9rpretes que deseen participar como solistas, o con acompa\u00f1amiento de piano, se estudiar\u00e1 cada caso particularmente en funci\u00f3n del inter\u00e9s y la viabilidad del proyecto presentado.<\/p>\n<p><a href=\"https:\/\/www.resonnance.org\/es\/category\/contact\/\">\u00a1Cont\u00e1ctanos aqu\u00ed<\/a>\u00a0para enviarnos tu proyecto musical y colaborar con R\u00e9sonnance como m\u00fasico voluntario!<\/p>\n","protected":false},"excerpt":{"rendered":"<p>\u00bfQuieres contribuir a mejorar el bienestar de personas en situaci\u00f3n de vulnerabilidad social gracias a tu talento musical?<\/p>\n<p>Consulta las condiciones de participaci\u00f3n<\/p>\n","protected":false},"author":12,"featured_media":0,"comment_status":"open","ping_status":"open","sticky":false,"template":"","format":"aside","meta":{"_acf_changed":false,"footnotes":""},"categories":[],"tags":[],"class_list":["post-10389","post","type-post","status-publish","format-aside","hentry","post_format-post-format-aside"],"acf":[],"yoast_head":"<!-- This site is optimized with the Yoast SEO plugin v23.9 - https:\/\/yoast.com\/wordpress\/plugins\/seo\/ -->\n<title>Participa - Espagne<\/title>\n<meta name=\"robots\" content=\"index, follow, max-snippet:-1, max-image-preview:large, max-video-preview:-1\" \/>\n<link rel=\"canonical\" href=\"https:\/\/www.resonnance.org\/es\/participa\/\" \/>\n<meta property=\"og:locale\" content=\"es_ES\" \/>\n<meta property=\"og:type\" content=\"article\" \/>\n<meta property=\"og:title\" content=\"Participa - Espagne\" \/>\n<meta property=\"og:description\" content=\"\u00bfQuieres contribuir a mejorar el bienestar de personas en situaci\u00f3n de vulnerabilidad social gracias a tu talento musical?  Consulta las condiciones de participaci\u00f3n\" \/>\n<meta property=\"og:url\" content=\"https:\/\/www.resonnance.org\/es\/participa\/\" \/>\n<meta property=\"og:site_name\" content=\"Espagne\" \/>\n<meta property=\"article:published_time\" content=\"2019-04-01T09:11:30+00:00\" \/>\n<meta property=\"article:modified_time\" content=\"2019-06-03T21:37:18+00:00\" \/>\n<meta name=\"author\" content=\"espagne\" \/>\n<meta name=\"twitter:card\" content=\"summary_large_image\" \/>\n<meta name=\"twitter:label1\" content=\"Written by\" \/>\n\t<meta name=\"twitter:data1\" content=\"espagne\" \/>\n\t<meta name=\"twitter:label2\" content=\"Est. reading time\" \/>\n\t<meta name=\"twitter:data2\" content=\"1 minuto\" \/>\n<script type=\"application\/ld+json\" class=\"yoast-schema-graph\">{\"@context\":\"https:\/\/schema.org\",\"@graph\":[{\"@type\":\"WebPage\",\"@id\":\"https:\/\/www.resonnance.org\/es\/participa\/\",\"url\":\"https:\/\/www.resonnance.org\/es\/participa\/\",\"name\":\"Participa - Espagne\",\"isPartOf\":{\"@id\":\"https:\/\/www.resonnance.org\/es\/#website\"},\"datePublished\":\"2019-04-01T09:11:30+00:00\",\"dateModified\":\"2019-06-03T21:37:18+00:00\",\"author\":{\"@id\":\"https:\/\/www.resonnance.org\/es\/#\/schema\/person\/829004c4b2e1d0dd1df9dc4da39b604a\"},\"breadcrumb\":{\"@id\":\"https:\/\/www.resonnance.org\/es\/participa\/#breadcrumb\"},\"inLanguage\":\"es-ES\",\"potentialAction\":[{\"@type\":\"ReadAction\",\"target\":[\"https:\/\/www.resonnance.org\/es\/participa\/\"]}]},{\"@type\":\"BreadcrumbList\",\"@id\":\"https:\/\/www.resonnance.org\/es\/participa\/#breadcrumb\",\"itemListElement\":[{\"@type\":\"ListItem\",\"position\":1,\"name\":\"Accueil\",\"item\":\"http:\/\/www.resonnance.org\/es\/\"},{\"@type\":\"ListItem\",\"position\":2,\"name\":\"Participa\"}]},{\"@type\":\"WebSite\",\"@id\":\"https:\/\/www.resonnance.org\/es\/#website\",\"url\":\"https:\/\/www.resonnance.org\/es\/\",\"name\":\"Espagne\",\"description\":\"Un monde en R\u00e9sonnance\",\"potentialAction\":[{\"@type\":\"SearchAction\",\"target\":{\"@type\":\"EntryPoint\",\"urlTemplate\":\"https:\/\/www.resonnance.org\/es\/?s={search_term_string}\"},\"query-input\":{\"@type\":\"PropertyValueSpecification\",\"valueRequired\":true,\"valueName\":\"search_term_string\"}}],\"inLanguage\":\"es-ES\"},{\"@type\":\"Person\",\"@id\":\"https:\/\/www.resonnance.org\/es\/#\/schema\/person\/829004c4b2e1d0dd1df9dc4da39b604a\",\"name\":\"espagne\",\"image\":{\"@type\":\"ImageObject\",\"inLanguage\":\"es-ES\",\"@id\":\"https:\/\/www.resonnance.org\/es\/#\/schema\/person\/image\/\",\"url\":\"https:\/\/secure.gravatar.com\/avatar\/649bf839c0f8edd664c2ec0dd971fb31?s=96&d=mm&r=g\",\"contentUrl\":\"https:\/\/secure.gravatar.com\/avatar\/649bf839c0f8edd664c2ec0dd971fb31?s=96&d=mm&r=g\",\"caption\":\"espagne\"},\"url\":\"https:\/\/www.resonnance.org\/es\/author\/espagne\/\"}]}<\/script>\n<!-- \/ Yoast SEO plugin. -->","yoast_head_json":{"title":"Participa - Espagne","robots":{"index":"index","follow":"follow","max-snippet":"max-snippet:-1","max-image-preview":"max-image-preview:large","max-video-preview":"max-video-preview:-1"},"canonical":"https:\/\/www.resonnance.org\/es\/participa\/","og_locale":"es_ES","og_type":"article","og_title":"Participa - Espagne","og_description":"\u00bfQuieres contribuir a mejorar el bienestar de personas en situaci\u00f3n de vulnerabilidad social gracias a tu talento musical?  Consulta las condiciones de participaci\u00f3n","og_url":"https:\/\/www.resonnance.org\/es\/participa\/","og_site_name":"Espagne","article_published_time":"2019-04-01T09:11:30+00:00","article_modified_time":"2019-06-03T21:37:18+00:00","author":"espagne","twitter_card":"summary_large_image","twitter_misc":{"Written by":"espagne","Est. reading time":"1 minuto"},"schema":{"@context":"https:\/\/schema.org","@graph":[{"@type":"WebPage","@id":"https:\/\/www.resonnance.org\/es\/participa\/","url":"https:\/\/www.resonnance.org\/es\/participa\/","name":"Participa - Espagne","isPartOf":{"@id":"https:\/\/www.resonnance.org\/es\/#website"},"datePublished":"2019-04-01T09:11:30+00:00","dateModified":"2019-06-03T21:37:18+00:00","author":{"@id":"https:\/\/www.resonnance.org\/es\/#\/schema\/person\/829004c4b2e1d0dd1df9dc4da39b604a"},"breadcrumb":{"@id":"https:\/\/www.resonnance.org\/es\/participa\/#breadcrumb"},"inLanguage":"es-ES","potentialAction":[{"@type":"ReadAction","target":["https:\/\/www.resonnance.org\/es\/participa\/"]}]},{"@type":"BreadcrumbList","@id":"https:\/\/www.resonnance.org\/es\/participa\/#breadcrumb","itemListElement":[{"@type":"ListItem","position":1,"name":"Accueil","item":"http:\/\/www.resonnance.org\/es\/"},{"@type":"ListItem","position":2,"name":"Participa"}]},{"@type":"WebSite","@id":"https:\/\/www.resonnance.org\/es\/#website","url":"https:\/\/www.resonnance.org\/es\/","name":"Espagne","description":"Un monde en R\u00e9sonnance","potentialAction":[{"@type":"SearchAction","target":{"@type":"EntryPoint","urlTemplate":"https:\/\/www.resonnance.org\/es\/?s={search_term_string}"},"query-input":{"@type":"PropertyValueSpecification","valueRequired":true,"valueName":"search_term_string"}}],"inLanguage":"es-ES"},{"@type":"Person","@id":"https:\/\/www.resonnance.org\/es\/#\/schema\/person\/829004c4b2e1d0dd1df9dc4da39b604a","name":"espagne","image":{"@type":"ImageObject","inLanguage":"es-ES","@id":"https:\/\/www.resonnance.org\/es\/#\/schema\/person\/image\/","url":"https:\/\/secure.gravatar.com\/avatar\/649bf839c0f8edd664c2ec0dd971fb31?s=96&d=mm&r=g","contentUrl":"https:\/\/secure.gravatar.com\/avatar\/649bf839c0f8edd664c2ec0dd971fb31?s=96&d=mm&r=g","caption":"espagne"},"url":"https:\/\/www.resonnance.org\/es\/author\/espagne\/"}]}},"_links":{"self":[{"href":"https:\/\/www.resonnance.org\/es\/wp-json\/wp\/v2\/posts\/10389","targetHints":{"allow":["GET"]}}],"collection":[{"href":"https:\/\/www.resonnance.org\/es\/wp-json\/wp\/v2\/posts"}],"about":[{"href":"https:\/\/www.resonnance.org\/es\/wp-json\/wp\/v2\/types\/post"}],"author":[{"embeddable":true,"href":"https:\/\/www.resonnance.org\/es\/wp-json\/wp\/v2\/users\/12"}],"replies":[{"embeddable":true,"href":"https:\/\/www.resonnance.org\/es\/wp-json\/wp\/v2\/comments?post=10389"}],"version-history":[{"count":28,"href":"https:\/\/www.resonnance.org\/es\/wp-json\/wp\/v2\/posts\/10389\/revisions"}],"predecessor-version":[{"id":10803,"href":"https:\/\/www.resonnance.org\/es\/wp-json\/wp\/v2\/posts\/10389\/revisions\/10803"}],"wp:attachment":[{"href":"https:\/\/www.resonnance.org\/es\/wp-json\/wp\/v2\/media?parent=10389"}],"wp:term":[{"taxonomy":"category","embeddable":true,"href":"https:\/\/www.resonnance.org\/es\/wp-json\/wp\/v2\/categories?post=10389"},{"taxonomy":"post_tag","embeddable":true,"href":"https:\/\/www.resonnance.org\/es\/wp-json\/wp\/v2\/tags?post=10389"}],"curies":[{"name":"wp","href":"https:\/\/api.w.org\/{rel}","templated":true}]}}