{"id":10387,"date":"2019-04-05T11:06:59","date_gmt":"2019-04-05T09:06:59","guid":{"rendered":"http:\/\/www.resonnance.org\/es\/?p=10387"},"modified":"2019-06-03T23:41:06","modified_gmt":"2019-06-03T21:41:06","slug":"comite-de-honor-internacional","status":"publish","type":"post","link":"https:\/\/www.resonnance.org\/es\/comite-de-honor-internacional\/","title":{"rendered":"Comit\u00e9 de Honor Internacional"},"content":{"rendered":"<ul class=\"list-2-columns\">\n<li>S.E M\u00e9tropolite Elias Audi<\/li>\n<li>Jacques Desbri\u00e8res<\/li>\n<li>Miguel \u00c1ngel Estrella<\/li>\n<li>Rafael Guardans<\/li>\n<li>Yvette Jaggi<\/li>\n<li>Thierry Lhermitte<\/li>\n<li>Diane Mecattaf<\/li>\n<li>M<sup>e<\/sup> Yves No\u00ebl<\/li>\n<li>Jean d\u2019Ormesson<\/li>\n<li>France Majoie Le Lous<\/li>\n<li>M<sup>gr<\/sup> Paul Poupard<\/li>\n<li>Jean-Philippe Rapp<\/li>\n<li>Jordi Roch<\/li>\n<li>Claudia Ruspoli<\/li>\n<li>Marianne S\u00e9bastien<\/li>\n<li>Lavinia Spandonide<\/li>\n<li>Uto Ughi<\/li>\n<li>Igor Ustinov<\/li>\n<li><span class=\"nn_tabs-toggle-inner\">Carmen Vil\u00e1<\/span><\/li>\n<\/ul>\n","protected":false},"excerpt":{"rendered":"<p>S.E M\u00e9tropolite Elias Audi Jacques Desbri\u00e8res Miguel \u00c1ngel Estrella Rafael Guardans Yvette Jaggi Thierry Lhermitte Diane Mecattaf Me Yves No\u00ebl Jean d\u2019Ormesson France Majoie Le Lous Mgr Paul Poupard Jean-Philippe Rapp Jordi Roch Claudia Ruspoli Marianne S\u00e9bastien Lavinia Spandonide Uto Ughi Igor Ustinov Carmen Vil\u00e1<\/p>\n","protected":false},"author":12,"featured_media":0,"comment_status":"open","ping_status":"open","sticky":false,"template":"","format":"aside","meta":{"_acf_changed":false,"footnotes":""},"categories":[],"tags":[],"class_list":["post-10387","post","type-post","status-publish","format-aside","hentry","post_format-post-format-aside"],"acf":[],"yoast_head":"<!-- This site is optimized with the Yoast SEO plugin v23.9 - https:\/\/yoast.com\/wordpress\/plugins\/seo\/ -->\n<title>Comit\u00e9 de Honor Internacional - Espagne<\/title>\n<meta name=\"robots\" content=\"index, follow, max-snippet:-1, max-image-preview:large, max-video-preview:-1\" \/>\n<link rel=\"canonical\" href=\"https:\/\/www.resonnance.org\/es\/comite-de-honor-internacional\/\" \/>\n<meta property=\"og:locale\" content=\"es_ES\" \/>\n<meta property=\"og:type\" content=\"article\" \/>\n<meta property=\"og:title\" content=\"Comit\u00e9 de Honor Internacional - Espagne\" \/>\n<meta property=\"og:description\" content=\"S.E M\u00e9tropolite Elias Audi Jacques Desbri\u00e8res Miguel \u00c1ngel Estrella Rafael Guardans Yvette Jaggi Thierry Lhermitte Diane Mecattaf Me Yves No\u00ebl Jean d\u2019Ormesson France Majoie Le Lous Mgr Paul Poupard Jean-Philippe Rapp Jordi Roch Claudia Ruspoli Marianne S\u00e9bastien Lavinia Spandonide Uto Ughi Igor Ustinov Carmen Vil\u00e1\" \/>\n<meta property=\"og:url\" content=\"https:\/\/www.resonnance.org\/es\/comite-de-honor-internacional\/\" \/>\n<meta property=\"og:site_name\" content=\"Espagne\" \/>\n<meta property=\"article:published_time\" content=\"2019-04-05T09:06:59+00:00\" \/>\n<meta property=\"article:modified_time\" content=\"2019-06-03T21:41:06+00:00\" \/>\n<meta name=\"author\" content=\"espagne\" \/>\n<meta name=\"twitter:card\" content=\"summary_large_image\" \/>\n<meta name=\"twitter:label1\" content=\"Written by\" \/>\n\t<meta name=\"twitter:data1\" content=\"espagne\" \/>\n<script type=\"application\/ld+json\" class=\"yoast-schema-graph\">{\"@context\":\"https:\/\/schema.org\",\"@graph\":[{\"@type\":\"WebPage\",\"@id\":\"https:\/\/www.resonnance.org\/es\/comite-de-honor-internacional\/\",\"url\":\"https:\/\/www.resonnance.org\/es\/comite-de-honor-internacional\/\",\"name\":\"Comit\u00e9 de Honor Internacional - Espagne\",\"isPartOf\":{\"@id\":\"https:\/\/www.resonnance.org\/es\/#website\"},\"datePublished\":\"2019-04-05T09:06:59+00:00\",\"dateModified\":\"2019-06-03T21:41:06+00:00\",\"author\":{\"@id\":\"https:\/\/www.resonnance.org\/es\/#\/schema\/person\/829004c4b2e1d0dd1df9dc4da39b604a\"},\"breadcrumb\":{\"@id\":\"https:\/\/www.resonnance.org\/es\/comite-de-honor-internacional\/#breadcrumb\"},\"inLanguage\":\"es-ES\",\"potentialAction\":[{\"@type\":\"ReadAction\",\"target\":[\"https:\/\/www.resonnance.org\/es\/comite-de-honor-internacional\/\"]}]},{\"@type\":\"BreadcrumbList\",\"@id\":\"https:\/\/www.resonnance.org\/es\/comite-de-honor-internacional\/#breadcrumb\",\"itemListElement\":[{\"@type\":\"ListItem\",\"position\":1,\"name\":\"Accueil\",\"item\":\"http:\/\/www.resonnance.org\/es\/\"},{\"@type\":\"ListItem\",\"position\":2,\"name\":\"Comit\u00e9 de Honor Internacional\"}]},{\"@type\":\"WebSite\",\"@id\":\"https:\/\/www.resonnance.org\/es\/#website\",\"url\":\"https:\/\/www.resonnance.org\/es\/\",\"name\":\"Espagne\",\"description\":\"Un monde en R\u00e9sonnance\",\"potentialAction\":[{\"@type\":\"SearchAction\",\"target\":{\"@type\":\"EntryPoint\",\"urlTemplate\":\"https:\/\/www.resonnance.org\/es\/?s={search_term_string}\"},\"query-input\":{\"@type\":\"PropertyValueSpecification\",\"valueRequired\":true,\"valueName\":\"search_term_string\"}}],\"inLanguage\":\"es-ES\"},{\"@type\":\"Person\",\"@id\":\"https:\/\/www.resonnance.org\/es\/#\/schema\/person\/829004c4b2e1d0dd1df9dc4da39b604a\",\"name\":\"espagne\",\"image\":{\"@type\":\"ImageObject\",\"inLanguage\":\"es-ES\",\"@id\":\"https:\/\/www.resonnance.org\/es\/#\/schema\/person\/image\/\",\"url\":\"https:\/\/secure.gravatar.com\/avatar\/649bf839c0f8edd664c2ec0dd971fb31?s=96&d=mm&r=g\",\"contentUrl\":\"https:\/\/secure.gravatar.com\/avatar\/649bf839c0f8edd664c2ec0dd971fb31?s=96&d=mm&r=g\",\"caption\":\"espagne\"},\"url\":\"https:\/\/www.resonnance.org\/es\/author\/espagne\/\"}]}<\/script>\n<!-- \/ Yoast SEO plugin. -->","yoast_head_json":{"title":"Comit\u00e9 de Honor Internacional - Espagne","robots":{"index":"index","follow":"follow","max-snippet":"max-snippet:-1","max-image-preview":"max-image-preview:large","max-video-preview":"max-video-preview:-1"},"canonical":"https:\/\/www.resonnance.org\/es\/comite-de-honor-internacional\/","og_locale":"es_ES","og_type":"article","og_title":"Comit\u00e9 de Honor Internacional - Espagne","og_description":"S.E M\u00e9tropolite Elias Audi Jacques Desbri\u00e8res Miguel \u00c1ngel Estrella Rafael Guardans Yvette Jaggi Thierry Lhermitte Diane Mecattaf Me Yves No\u00ebl Jean d\u2019Ormesson France Majoie Le Lous Mgr Paul Poupard Jean-Philippe Rapp Jordi Roch Claudia Ruspoli Marianne S\u00e9bastien Lavinia Spandonide Uto Ughi Igor Ustinov Carmen Vil\u00e1","og_url":"https:\/\/www.resonnance.org\/es\/comite-de-honor-internacional\/","og_site_name":"Espagne","article_published_time":"2019-04-05T09:06:59+00:00","article_modified_time":"2019-06-03T21:41:06+00:00","author":"espagne","twitter_card":"summary_large_image","twitter_misc":{"Written by":"espagne"},"schema":{"@context":"https:\/\/schema.org","@graph":[{"@type":"WebPage","@id":"https:\/\/www.resonnance.org\/es\/comite-de-honor-internacional\/","url":"https:\/\/www.resonnance.org\/es\/comite-de-honor-internacional\/","name":"Comit\u00e9 de Honor Internacional - Espagne","isPartOf":{"@id":"https:\/\/www.resonnance.org\/es\/#website"},"datePublished":"2019-04-05T09:06:59+00:00","dateModified":"2019-06-03T21:41:06+00:00","author":{"@id":"https:\/\/www.resonnance.org\/es\/#\/schema\/person\/829004c4b2e1d0dd1df9dc4da39b604a"},"breadcrumb":{"@id":"https:\/\/www.resonnance.org\/es\/comite-de-honor-internacional\/#breadcrumb"},"inLanguage":"es-ES","potentialAction":[{"@type":"ReadAction","target":["https:\/\/www.resonnance.org\/es\/comite-de-honor-internacional\/"]}]},{"@type":"BreadcrumbList","@id":"https:\/\/www.resonnance.org\/es\/comite-de-honor-internacional\/#breadcrumb","itemListElement":[{"@type":"ListItem","position":1,"name":"Accueil","item":"http:\/\/www.resonnance.org\/es\/"},{"@type":"ListItem","position":2,"name":"Comit\u00e9 de Honor Internacional"}]},{"@type":"WebSite","@id":"https:\/\/www.resonnance.org\/es\/#website","url":"https:\/\/www.resonnance.org\/es\/","name":"Espagne","description":"Un monde en R\u00e9sonnance","potentialAction":[{"@type":"SearchAction","target":{"@type":"EntryPoint","urlTemplate":"https:\/\/www.resonnance.org\/es\/?s={search_term_string}"},"query-input":{"@type":"PropertyValueSpecification","valueRequired":true,"valueName":"search_term_string"}}],"inLanguage":"es-ES"},{"@type":"Person","@id":"https:\/\/www.resonnance.org\/es\/#\/schema\/person\/829004c4b2e1d0dd1df9dc4da39b604a","name":"espagne","image":{"@type":"ImageObject","inLanguage":"es-ES","@id":"https:\/\/www.resonnance.org\/es\/#\/schema\/person\/image\/","url":"https:\/\/secure.gravatar.com\/avatar\/649bf839c0f8edd664c2ec0dd971fb31?s=96&d=mm&r=g","contentUrl":"https:\/\/secure.gravatar.com\/avatar\/649bf839c0f8edd664c2ec0dd971fb31?s=96&d=mm&r=g","caption":"espagne"},"url":"https:\/\/www.resonnance.org\/es\/author\/espagne\/"}]}},"_links":{"self":[{"href":"https:\/\/www.resonnance.org\/es\/wp-json\/wp\/v2\/posts\/10387","targetHints":{"allow":["GET"]}}],"collection":[{"href":"https:\/\/www.resonnance.org\/es\/wp-json\/wp\/v2\/posts"}],"about":[{"href":"https:\/\/www.resonnance.org\/es\/wp-json\/wp\/v2\/types\/post"}],"author":[{"embeddable":true,"href":"https:\/\/www.resonnance.org\/es\/wp-json\/wp\/v2\/users\/12"}],"replies":[{"embeddable":true,"href":"https:\/\/www.resonnance.org\/es\/wp-json\/wp\/v2\/comments?post=10387"}],"version-history":[{"count":3,"href":"https:\/\/www.resonnance.org\/es\/wp-json\/wp\/v2\/posts\/10387\/revisions"}],"predecessor-version":[{"id":10804,"href":"https:\/\/www.resonnance.org\/es\/wp-json\/wp\/v2\/posts\/10387\/revisions\/10804"}],"wp:attachment":[{"href":"https:\/\/www.resonnance.org\/es\/wp-json\/wp\/v2\/media?parent=10387"}],"wp:term":[{"taxonomy":"category","embeddable":true,"href":"https:\/\/www.resonnance.org\/es\/wp-json\/wp\/v2\/categories?post=10387"},{"taxonomy":"post_tag","embeddable":true,"href":"https:\/\/www.resonnance.org\/es\/wp-json\/wp\/v2\/tags?post=10387"}],"curies":[{"name":"wp","href":"https:\/\/api.w.org\/{rel}","templated":true}]}}