{"id":1947,"date":"2016-06-16T12:16:07","date_gmt":"2016-06-16T10:16:07","guid":{"rendered":"https:\/\/www.resonnance.org\/ch\/?p=1947"},"modified":"2016-12-12T18:23:07","modified_gmt":"2016-12-12T17:23:07","slug":"fabrice-eulry","status":"publish","type":"post","link":"https:\/\/www.resonnance.org\/ch\/fabrice-eulry\/","title":{"rendered":"Fabrice Eulry"},"content":{"rendered":"<h2 class=\"nomarginbottom\">Pianiste et Directeur artistique de R\u00e9sonnance Belgique<\/h2>\n<p><img loading=\"lazy\" decoding=\"async\" class=\"wp-image-2541 size-medium alignleft\" src=\"https:\/\/www.resonnance.org\/ch\/wp-content\/uploads\/sites\/1\/2016\/06\/pres_ciepr_fabrice_eulry-229x300.jpg\" alt=\"Fabrice Eulry\" width=\"229\" height=\"300\" srcset=\"https:\/\/www.resonnance.org\/ch\/wp-content\/uploads\/sites\/1\/2016\/06\/pres_ciepr_fabrice_eulry-229x300.jpg 229w, https:\/\/www.resonnance.org\/ch\/wp-content\/uploads\/sites\/1\/2016\/06\/pres_ciepr_fabrice_eulry.jpg 427w\" sizes=\"auto, (max-width: 229px) 100vw, 229px\" \/>Fabrice\u00a0Eulry est n\u00e9 le 4 septembre 1962. Il passe son enfance en Tunisie, son adolescence pr\u00e8s de Lyon, part \u00e0 la Nouvelle-Orl\u00e9ans puis s\u2019installe \u00e0 Paris en\u00a01990. C\u2019est \u201cun des musiciens les plus dou\u00e9s de sa g\u00e9n\u00e9ration\u201d. Il excelle dans les styles les plus divers du plus rythm\u00e9 au plus m\u00e9lodique.<\/p>\n<p>\u201cMes influences sont multiples et diverses. Depuis mon plus jeune \u00e2ge, j\u2019\u00e9coute aussi bien le blues de <b>Ray\u00a0Charles<\/b> que le Rock\u2019n roll <b>d\u2019Elvis\u00a0Presley<\/b>; la musique baroque, classique, et romantique Russe, Allemande ou Fran\u00e7aise, la musique de la Nouvelle-Orl\u00e9ans. Mon enfance \u00e0 \u00e9galement baign\u00e9 dans le son de la musique monodique classique orientale en Tunisie, mais aussi dans celui de l\u2019accord\u00e9on et de la chanson fran\u00e7aise.<\/p>\n<p>Je m\u2019int\u00e9resse \u00e0 tout ce que j\u2019entends, et ce qui est musique acoustique, rythm\u00e9e, instrumentale, me fait sp\u00e9cialement vibrer.<\/p>\n<p>\u00c0 partir de l\u2019adolescence, vers\u00a01977, j\u2019ai d\u00e9couvert la diversit\u00e9 des BIG BANDS de SWING Am\u00e9ricains et \u00e9galement du <b>Rag-Time<\/b>, dont l\u2019\u0153uvre de<b>Scott\u00a0Joplin<\/b> bien s\u00fbr, mais aussi celles de <b>James\u00a0Scott<\/b>, <b>Tom\u00a0Turpin<\/b>, <b>Joseph\u00a0Lamb<\/b>, <b>Zez\u00a0Confrey<\/b>, <b>Billy\u00a0Mayerl<\/b> qui sont un univers en soi \u00e0 d\u00e9couvrir pour tout pianiste soliste.<\/p>\n<p>Le <b>Boogie-Woogie<\/b> devint \u00e9galement une de mes obsessions et cela n\u2019a jamais chang\u00e9.<\/p>\n<p>Commencer le m\u00e9tier de pianiste d\u00e8s l\u2019\u00e2ge de 18 ans au d\u00e9but des ann\u00e9es 80 me poussa dans toutes les directions\u00a0: la n\u00e9cessit\u00e9 cr\u00e9a plus d\u2019ouverture encore.<\/p>\n<p>A vrai dire, je n\u2019ai pas de pianiste pr\u00e9f\u00e9r\u00e9 mais je puis en citer une dizaine dont l\u2019influence est directement visible dans la forme de mon jeu\u00a0: <b>Georges\u00a0Gershwin<\/b>, <b>Erroll\u00a0Garner<\/b>,<b>Earl\u00a0Hines<\/b>, <b>Pete\u00a0Johnson<\/b>, <b>Jelly Roll\u00a0Morton<\/b>, <b>Wilhlem\u00a0Kempff<\/b>, <b>Teddy\u00a0Wilson<\/b>, <b>Ramsey\u00a0Lewis<\/b>, <b>Ray\u00a0Charles<\/b>, <b>Yves\u00a0Nat<\/b>\u2026.<\/p>\n<p>Mais la musique ne s\u2019arr\u00eate pas \u00e0 ceux dans qui l\u2019on se reconna\u00eet\u00a0: <b>Alfred\u00a0Cortot<\/b> ou <b>Michel\u00a0Camilho<\/b> sont des musiciens que je n\u2019\u00e9coute pas sans plaisir m\u00eame s\u2019ils sont \u00e0 mille lieues de ce que j\u2019ai envie de faire avec un piano.<\/p>\n<p>La musique ne s\u2019arr\u00eate pas non plus au piano\u00a0: le \u00ab\u00a0non pianistique\u00a0\u00bb occupe une majorit\u00e9 du temps important que je consacre \u00e0 l\u2019\u00e9coute de la musique.<\/p>\n<p>Voici quelques exemples d\u2019\u0153uvres que j\u2019\u00e9coute souvent ces temps-ci\u00a0: La Symphonie fantastique de <b>Berlioz<\/b>, les symphonies de <b>Beethoven<\/b>, <b>Mahler<\/b>, <b>Tcha\u00eekovsky<\/b>, les op\u00e9ras de <b>Bizet<\/b>et <b>Verdi<\/b>, les chansons de <b>Fairouz<\/b>, <b>Chuck\u00a0Berry<\/b>, <b>Au\u00a0Bonheur des Dames<\/b>, <b>Guillaume\u00a0Dufay<\/b>\u2026.<\/p>\n<p>Ne cherchez pas d\u2019autres point commun \u00e0 ces mondes que celui de l\u2019amour de la musique.\u201d<\/p>\n","protected":false},"excerpt":{"rendered":"<p>Pianiste et professeur.<\/p>\n","protected":false},"author":1,"featured_media":0,"comment_status":"open","ping_status":"open","sticky":false,"template":"","format":"aside","meta":{"_acf_changed":false,"footnotes":""},"categories":[41],"tags":[],"class_list":["post-1947","post","type-post","status-publish","format-aside","hentry","category-professeurs","post_format-post-format-aside"],"acf":[],"yoast_head":"<!-- This site is optimized with the Yoast SEO plugin v23.9 - https:\/\/yoast.com\/wordpress\/plugins\/seo\/ -->\n<title>Fabrice Eulry &#8226; Suisse<\/title>\n<meta name=\"robots\" content=\"index, follow, max-snippet:-1, max-image-preview:large, max-video-preview:-1\" \/>\n<link rel=\"canonical\" href=\"https:\/\/www.resonnance.org\/ch\/fabrice-eulry\/\" \/>\n<meta property=\"og:locale\" content=\"fr_FR\" \/>\n<meta property=\"og:type\" content=\"article\" \/>\n<meta property=\"og:title\" content=\"Fabrice Eulry &#8226; Suisse\" \/>\n<meta property=\"og:description\" content=\"Pianiste et professeur.\" \/>\n<meta property=\"og:url\" content=\"https:\/\/www.resonnance.org\/ch\/fabrice-eulry\/\" \/>\n<meta property=\"og:site_name\" content=\"Suisse\" \/>\n<meta property=\"article:publisher\" content=\"https:\/\/www.facebook.com\/www.resonnance.org\" \/>\n<meta property=\"article:published_time\" content=\"2016-06-16T10:16:07+00:00\" \/>\n<meta property=\"article:modified_time\" content=\"2016-12-12T17:23:07+00:00\" \/>\n<meta property=\"og:image\" content=\"https:\/\/www.resonnance.org\/ch\/wp-content\/uploads\/sites\/1\/2016\/06\/pres_ciepr_fabrice_eulry-229x300.jpg\" \/>\n<meta name=\"author\" content=\"jonas\" \/>\n<meta name=\"twitter:card\" content=\"summary_large_image\" \/>\n<meta name=\"twitter:creator\" content=\"@fondresonnance\" \/>\n<meta name=\"twitter:site\" content=\"@fondresonnance\" \/>\n<meta name=\"twitter:label1\" content=\"\u00c9crit par\" \/>\n\t<meta name=\"twitter:data1\" content=\"jonas\" \/>\n\t<meta name=\"twitter:label2\" content=\"Dur\u00e9e de lecture estim\u00e9e\" \/>\n\t<meta name=\"twitter:data2\" content=\"2 minutes\" \/>\n<script type=\"application\/ld+json\" class=\"yoast-schema-graph\">{\"@context\":\"https:\/\/schema.org\",\"@graph\":[{\"@type\":\"WebPage\",\"@id\":\"https:\/\/www.resonnance.org\/ch\/fabrice-eulry\/\",\"url\":\"https:\/\/www.resonnance.org\/ch\/fabrice-eulry\/\",\"name\":\"Fabrice Eulry &#8226; Suisse\",\"isPartOf\":{\"@id\":\"https:\/\/www.resonnance.org\/ch\/#website\"},\"primaryImageOfPage\":{\"@id\":\"https:\/\/www.resonnance.org\/ch\/fabrice-eulry\/#primaryimage\"},\"image\":{\"@id\":\"https:\/\/www.resonnance.org\/ch\/fabrice-eulry\/#primaryimage\"},\"thumbnailUrl\":\"https:\/\/www.resonnance.org\/ch\/wp-content\/uploads\/sites\/1\/2016\/06\/pres_ciepr_fabrice_eulry-229x300.jpg\",\"datePublished\":\"2016-06-16T10:16:07+00:00\",\"dateModified\":\"2016-12-12T17:23:07+00:00\",\"author\":{\"@id\":\"https:\/\/www.resonnance.org\/ch\/#\/schema\/person\/40c99e385f4cf83a5a6dbc1d95a601bb\"},\"breadcrumb\":{\"@id\":\"https:\/\/www.resonnance.org\/ch\/fabrice-eulry\/#breadcrumb\"},\"inLanguage\":\"fr-FR\",\"potentialAction\":[{\"@type\":\"ReadAction\",\"target\":[\"https:\/\/www.resonnance.org\/ch\/fabrice-eulry\/\"]}]},{\"@type\":\"ImageObject\",\"inLanguage\":\"fr-FR\",\"@id\":\"https:\/\/www.resonnance.org\/ch\/fabrice-eulry\/#primaryimage\",\"url\":\"https:\/\/www.resonnance.org\/ch\/wp-content\/uploads\/sites\/1\/2016\/06\/pres_ciepr_fabrice_eulry-229x300.jpg\",\"contentUrl\":\"https:\/\/www.resonnance.org\/ch\/wp-content\/uploads\/sites\/1\/2016\/06\/pres_ciepr_fabrice_eulry-229x300.jpg\"},{\"@type\":\"BreadcrumbList\",\"@id\":\"https:\/\/www.resonnance.org\/ch\/fabrice-eulry\/#breadcrumb\",\"itemListElement\":[{\"@type\":\"ListItem\",\"position\":1,\"name\":\"Accueil\",\"item\":\"https:\/\/www.resonnance.org\/ch\/\"},{\"@type\":\"ListItem\",\"position\":2,\"name\":\"Fabrice Eulry\"}]},{\"@type\":\"WebSite\",\"@id\":\"https:\/\/www.resonnance.org\/ch\/#website\",\"url\":\"https:\/\/www.resonnance.org\/ch\/\",\"name\":\"Suisse\",\"description\":\"Un monde en R\u00e9sonnance\",\"potentialAction\":[{\"@type\":\"SearchAction\",\"target\":{\"@type\":\"EntryPoint\",\"urlTemplate\":\"https:\/\/www.resonnance.org\/ch\/?s={search_term_string}\"},\"query-input\":{\"@type\":\"PropertyValueSpecification\",\"valueRequired\":true,\"valueName\":\"search_term_string\"}}],\"inLanguage\":\"fr-FR\"},{\"@type\":\"Person\",\"@id\":\"https:\/\/www.resonnance.org\/ch\/#\/schema\/person\/40c99e385f4cf83a5a6dbc1d95a601bb\",\"name\":\"jonas\",\"image\":{\"@type\":\"ImageObject\",\"inLanguage\":\"fr-FR\",\"@id\":\"https:\/\/www.resonnance.org\/ch\/#\/schema\/person\/image\/\",\"url\":\"https:\/\/secure.gravatar.com\/avatar\/8d0970cc7fcad0b602d4a863ef0daade?s=96&d=mm&r=g\",\"contentUrl\":\"https:\/\/secure.gravatar.com\/avatar\/8d0970cc7fcad0b602d4a863ef0daade?s=96&d=mm&r=g\",\"caption\":\"jonas\"},\"url\":\"https:\/\/www.resonnance.org\/ch\/author\/jonas\/\"}]}<\/script>\n<!-- \/ Yoast SEO plugin. -->","yoast_head_json":{"title":"Fabrice Eulry &#8226; Suisse","robots":{"index":"index","follow":"follow","max-snippet":"max-snippet:-1","max-image-preview":"max-image-preview:large","max-video-preview":"max-video-preview:-1"},"canonical":"https:\/\/www.resonnance.org\/ch\/fabrice-eulry\/","og_locale":"fr_FR","og_type":"article","og_title":"Fabrice Eulry &#8226; Suisse","og_description":"Pianiste et professeur.","og_url":"https:\/\/www.resonnance.org\/ch\/fabrice-eulry\/","og_site_name":"Suisse","article_publisher":"https:\/\/www.facebook.com\/www.resonnance.org","article_published_time":"2016-06-16T10:16:07+00:00","article_modified_time":"2016-12-12T17:23:07+00:00","og_image":[{"url":"https:\/\/www.resonnance.org\/ch\/wp-content\/uploads\/sites\/1\/2016\/06\/pres_ciepr_fabrice_eulry-229x300.jpg"}],"author":"jonas","twitter_card":"summary_large_image","twitter_creator":"@fondresonnance","twitter_site":"@fondresonnance","twitter_misc":{"\u00c9crit par":"jonas","Dur\u00e9e de lecture estim\u00e9e":"2 minutes"},"schema":{"@context":"https:\/\/schema.org","@graph":[{"@type":"WebPage","@id":"https:\/\/www.resonnance.org\/ch\/fabrice-eulry\/","url":"https:\/\/www.resonnance.org\/ch\/fabrice-eulry\/","name":"Fabrice Eulry &#8226; Suisse","isPartOf":{"@id":"https:\/\/www.resonnance.org\/ch\/#website"},"primaryImageOfPage":{"@id":"https:\/\/www.resonnance.org\/ch\/fabrice-eulry\/#primaryimage"},"image":{"@id":"https:\/\/www.resonnance.org\/ch\/fabrice-eulry\/#primaryimage"},"thumbnailUrl":"https:\/\/www.resonnance.org\/ch\/wp-content\/uploads\/sites\/1\/2016\/06\/pres_ciepr_fabrice_eulry-229x300.jpg","datePublished":"2016-06-16T10:16:07+00:00","dateModified":"2016-12-12T17:23:07+00:00","author":{"@id":"https:\/\/www.resonnance.org\/ch\/#\/schema\/person\/40c99e385f4cf83a5a6dbc1d95a601bb"},"breadcrumb":{"@id":"https:\/\/www.resonnance.org\/ch\/fabrice-eulry\/#breadcrumb"},"inLanguage":"fr-FR","potentialAction":[{"@type":"ReadAction","target":["https:\/\/www.resonnance.org\/ch\/fabrice-eulry\/"]}]},{"@type":"ImageObject","inLanguage":"fr-FR","@id":"https:\/\/www.resonnance.org\/ch\/fabrice-eulry\/#primaryimage","url":"https:\/\/www.resonnance.org\/ch\/wp-content\/uploads\/sites\/1\/2016\/06\/pres_ciepr_fabrice_eulry-229x300.jpg","contentUrl":"https:\/\/www.resonnance.org\/ch\/wp-content\/uploads\/sites\/1\/2016\/06\/pres_ciepr_fabrice_eulry-229x300.jpg"},{"@type":"BreadcrumbList","@id":"https:\/\/www.resonnance.org\/ch\/fabrice-eulry\/#breadcrumb","itemListElement":[{"@type":"ListItem","position":1,"name":"Accueil","item":"https:\/\/www.resonnance.org\/ch\/"},{"@type":"ListItem","position":2,"name":"Fabrice Eulry"}]},{"@type":"WebSite","@id":"https:\/\/www.resonnance.org\/ch\/#website","url":"https:\/\/www.resonnance.org\/ch\/","name":"Suisse","description":"Un monde en R\u00e9sonnance","potentialAction":[{"@type":"SearchAction","target":{"@type":"EntryPoint","urlTemplate":"https:\/\/www.resonnance.org\/ch\/?s={search_term_string}"},"query-input":{"@type":"PropertyValueSpecification","valueRequired":true,"valueName":"search_term_string"}}],"inLanguage":"fr-FR"},{"@type":"Person","@id":"https:\/\/www.resonnance.org\/ch\/#\/schema\/person\/40c99e385f4cf83a5a6dbc1d95a601bb","name":"jonas","image":{"@type":"ImageObject","inLanguage":"fr-FR","@id":"https:\/\/www.resonnance.org\/ch\/#\/schema\/person\/image\/","url":"https:\/\/secure.gravatar.com\/avatar\/8d0970cc7fcad0b602d4a863ef0daade?s=96&d=mm&r=g","contentUrl":"https:\/\/secure.gravatar.com\/avatar\/8d0970cc7fcad0b602d4a863ef0daade?s=96&d=mm&r=g","caption":"jonas"},"url":"https:\/\/www.resonnance.org\/ch\/author\/jonas\/"}]}},"_links":{"self":[{"href":"https:\/\/www.resonnance.org\/ch\/wp-json\/wp\/v2\/posts\/1947","targetHints":{"allow":["GET"]}}],"collection":[{"href":"https:\/\/www.resonnance.org\/ch\/wp-json\/wp\/v2\/posts"}],"about":[{"href":"https:\/\/www.resonnance.org\/ch\/wp-json\/wp\/v2\/types\/post"}],"author":[{"embeddable":true,"href":"https:\/\/www.resonnance.org\/ch\/wp-json\/wp\/v2\/users\/1"}],"replies":[{"embeddable":true,"href":"https:\/\/www.resonnance.org\/ch\/wp-json\/wp\/v2\/comments?post=1947"}],"version-history":[{"count":0,"href":"https:\/\/www.resonnance.org\/ch\/wp-json\/wp\/v2\/posts\/1947\/revisions"}],"wp:attachment":[{"href":"https:\/\/www.resonnance.org\/ch\/wp-json\/wp\/v2\/media?parent=1947"}],"wp:term":[{"taxonomy":"category","embeddable":true,"href":"https:\/\/www.resonnance.org\/ch\/wp-json\/wp\/v2\/categories?post=1947"},{"taxonomy":"post_tag","embeddable":true,"href":"https:\/\/www.resonnance.org\/ch\/wp-json\/wp\/v2\/tags?post=1947"}],"curies":[{"name":"wp","href":"https:\/\/api.w.org\/{rel}","templated":true}]}}