{"id":6511,"date":"2016-06-16T12:08:47","date_gmt":"2016-06-16T10:08:47","guid":{"rendered":"https:\/\/www.resonnance.org\/be\/maryse-karam\/"},"modified":"2016-12-13T17:28:17","modified_gmt":"2016-12-13T16:28:17","slug":"maryse-karam","status":"publish","type":"post","link":"https:\/\/www.resonnance.org\/be\/maryse-karam\/","title":{"rendered":"Maryse Karam"},"content":{"rendered":"<h2 class=\"nomarginbottom\">Pianiste et professeur\u00a0de R\u00e9sonnance Liban<\/h2>\n<p class=\"nomarginbottom\"><img loading=\"lazy\" decoding=\"async\" class=\"size-full wp-image-6512 alignleft\" src=\"https:\/\/www.resonnance.org\/wp-content\/uploads\/2016\/06\/maryse-karam.jpg\" alt=\"maryse-karam\" width=\"180\" height=\"200\" \/>Maryse Karam est n\u00e9e au Liban. Elle commence le piano \u00e0 l&rsquo;\u00e2ge de 5 ans.<\/p>\n<p>El\u00e8ve \u00e0 l&rsquo;\u00e9cole de musique de l&rsquo;Universit\u00e9 Saint-Esprit de Kaslik (USEK), elle y rencontre Elizabeth Sombart en 2003. Professeur en formation \u00e0 la Fondation R\u00e9sonnance-Liban depuis novembre 2005, elle enseigne \u00e0 la filiale de la Fondation \u00e0 Achkout.<\/p>\n<p>Depuis l&rsquo;\u00e9t\u00e9 2015, elle exerce la fonction de dirigeante de R\u00e9sonnance Liban.<\/p>\n<p>En parall\u00e8le, elle poursuit ses \u00e9tudes universitaires en musicologie \u00e0 Notre Dame University (NDU), au Liban.<\/p>\n","protected":false},"excerpt":{"rendered":"<p>Pianiste et professeur.<\/p>\n","protected":false},"author":2,"featured_media":0,"comment_status":"open","ping_status":"open","sticky":false,"template":"","format":"aside","meta":{"_acf_changed":false,"footnotes":""},"categories":[41],"tags":[],"class_list":["post-6511","post","type-post","status-publish","format-aside","hentry","category-professeurs","post_format-post-format-aside"],"acf":[],"yoast_head":"<!-- This site is optimized with the Yoast SEO plugin v23.9 - https:\/\/yoast.com\/wordpress\/plugins\/seo\/ -->\n<title>Maryse Karam - Belgie<\/title>\n<meta name=\"robots\" content=\"index, follow, max-snippet:-1, max-image-preview:large, max-video-preview:-1\" \/>\n<link rel=\"canonical\" href=\"https:\/\/www.resonnance.org\/be\/maryse-karam\/\" \/>\n<meta property=\"og:locale\" content=\"fr_FR\" \/>\n<meta property=\"og:type\" content=\"article\" \/>\n<meta property=\"og:title\" content=\"Maryse Karam - Belgie\" \/>\n<meta property=\"og:description\" content=\"Pianiste et professeur.\" \/>\n<meta property=\"og:url\" content=\"https:\/\/www.resonnance.org\/be\/maryse-karam\/\" \/>\n<meta property=\"og:site_name\" content=\"Belgie\" \/>\n<meta property=\"article:published_time\" content=\"2016-06-16T10:08:47+00:00\" \/>\n<meta property=\"article:modified_time\" content=\"2016-12-13T16:28:17+00:00\" \/>\n<meta property=\"og:image\" content=\"https:\/\/www.resonnance.org\/wp-content\/uploads\/2016\/06\/maryse-karam.jpg\" \/>\n<meta name=\"twitter:card\" content=\"summary_large_image\" \/>\n<meta name=\"twitter:label1\" content=\"\u00c9crit par\" \/>\n\t<meta name=\"twitter:data1\" content=\"\" \/>\n<script type=\"application\/ld+json\" class=\"yoast-schema-graph\">{\"@context\":\"https:\/\/schema.org\",\"@graph\":[{\"@type\":\"WebPage\",\"@id\":\"https:\/\/www.resonnance.org\/be\/maryse-karam\/\",\"url\":\"https:\/\/www.resonnance.org\/be\/maryse-karam\/\",\"name\":\"Maryse Karam - Belgie\",\"isPartOf\":{\"@id\":\"http:\/\/www.resonnance.org\/be\/#website\"},\"primaryImageOfPage\":{\"@id\":\"https:\/\/www.resonnance.org\/be\/maryse-karam\/#primaryimage\"},\"image\":{\"@id\":\"https:\/\/www.resonnance.org\/be\/maryse-karam\/#primaryimage\"},\"thumbnailUrl\":\"https:\/\/www.resonnance.org\/wp-content\/uploads\/2016\/06\/maryse-karam.jpg\",\"datePublished\":\"2016-06-16T10:08:47+00:00\",\"dateModified\":\"2016-12-13T16:28:17+00:00\",\"author\":{\"@id\":\"\"},\"breadcrumb\":{\"@id\":\"https:\/\/www.resonnance.org\/be\/maryse-karam\/#breadcrumb\"},\"inLanguage\":\"fr-FR\",\"potentialAction\":[{\"@type\":\"ReadAction\",\"target\":[\"https:\/\/www.resonnance.org\/be\/maryse-karam\/\"]}]},{\"@type\":\"ImageObject\",\"inLanguage\":\"fr-FR\",\"@id\":\"https:\/\/www.resonnance.org\/be\/maryse-karam\/#primaryimage\",\"url\":\"https:\/\/www.resonnance.org\/wp-content\/uploads\/2016\/06\/maryse-karam.jpg\",\"contentUrl\":\"https:\/\/www.resonnance.org\/wp-content\/uploads\/2016\/06\/maryse-karam.jpg\"},{\"@type\":\"BreadcrumbList\",\"@id\":\"https:\/\/www.resonnance.org\/be\/maryse-karam\/#breadcrumb\",\"itemListElement\":[{\"@type\":\"ListItem\",\"position\":1,\"name\":\"Accueil\",\"item\":\"http:\/\/www.resonnance.org\/be\/\"},{\"@type\":\"ListItem\",\"position\":2,\"name\":\"Maryse Karam\"}]},{\"@type\":\"WebSite\",\"@id\":\"http:\/\/www.resonnance.org\/be\/#website\",\"url\":\"http:\/\/www.resonnance.org\/be\/\",\"name\":\"Belgie\",\"description\":\"Un monde en R\u00e9sonnance\",\"potentialAction\":[{\"@type\":\"SearchAction\",\"target\":{\"@type\":\"EntryPoint\",\"urlTemplate\":\"http:\/\/www.resonnance.org\/be\/?s={search_term_string}\"},\"query-input\":{\"@type\":\"PropertyValueSpecification\",\"valueRequired\":true,\"valueName\":\"search_term_string\"}}],\"inLanguage\":\"fr-FR\"},{\"@type\":\"Person\",\"@id\":\"\",\"url\":\"https:\/\/www.resonnance.org\/be\/author\/\"}]}<\/script>\n<!-- \/ Yoast SEO plugin. -->","yoast_head_json":{"title":"Maryse Karam - Belgie","robots":{"index":"index","follow":"follow","max-snippet":"max-snippet:-1","max-image-preview":"max-image-preview:large","max-video-preview":"max-video-preview:-1"},"canonical":"https:\/\/www.resonnance.org\/be\/maryse-karam\/","og_locale":"fr_FR","og_type":"article","og_title":"Maryse Karam - Belgie","og_description":"Pianiste et professeur.","og_url":"https:\/\/www.resonnance.org\/be\/maryse-karam\/","og_site_name":"Belgie","article_published_time":"2016-06-16T10:08:47+00:00","article_modified_time":"2016-12-13T16:28:17+00:00","og_image":[{"url":"https:\/\/www.resonnance.org\/wp-content\/uploads\/2016\/06\/maryse-karam.jpg"}],"twitter_card":"summary_large_image","twitter_misc":{"\u00c9crit par":""},"schema":{"@context":"https:\/\/schema.org","@graph":[{"@type":"WebPage","@id":"https:\/\/www.resonnance.org\/be\/maryse-karam\/","url":"https:\/\/www.resonnance.org\/be\/maryse-karam\/","name":"Maryse Karam - Belgie","isPartOf":{"@id":"http:\/\/www.resonnance.org\/be\/#website"},"primaryImageOfPage":{"@id":"https:\/\/www.resonnance.org\/be\/maryse-karam\/#primaryimage"},"image":{"@id":"https:\/\/www.resonnance.org\/be\/maryse-karam\/#primaryimage"},"thumbnailUrl":"https:\/\/www.resonnance.org\/wp-content\/uploads\/2016\/06\/maryse-karam.jpg","datePublished":"2016-06-16T10:08:47+00:00","dateModified":"2016-12-13T16:28:17+00:00","author":{"@id":""},"breadcrumb":{"@id":"https:\/\/www.resonnance.org\/be\/maryse-karam\/#breadcrumb"},"inLanguage":"fr-FR","potentialAction":[{"@type":"ReadAction","target":["https:\/\/www.resonnance.org\/be\/maryse-karam\/"]}]},{"@type":"ImageObject","inLanguage":"fr-FR","@id":"https:\/\/www.resonnance.org\/be\/maryse-karam\/#primaryimage","url":"https:\/\/www.resonnance.org\/wp-content\/uploads\/2016\/06\/maryse-karam.jpg","contentUrl":"https:\/\/www.resonnance.org\/wp-content\/uploads\/2016\/06\/maryse-karam.jpg"},{"@type":"BreadcrumbList","@id":"https:\/\/www.resonnance.org\/be\/maryse-karam\/#breadcrumb","itemListElement":[{"@type":"ListItem","position":1,"name":"Accueil","item":"http:\/\/www.resonnance.org\/be\/"},{"@type":"ListItem","position":2,"name":"Maryse Karam"}]},{"@type":"WebSite","@id":"http:\/\/www.resonnance.org\/be\/#website","url":"http:\/\/www.resonnance.org\/be\/","name":"Belgie","description":"Un monde en R\u00e9sonnance","potentialAction":[{"@type":"SearchAction","target":{"@type":"EntryPoint","urlTemplate":"http:\/\/www.resonnance.org\/be\/?s={search_term_string}"},"query-input":{"@type":"PropertyValueSpecification","valueRequired":true,"valueName":"search_term_string"}}],"inLanguage":"fr-FR"},{"@type":"Person","@id":"","url":"https:\/\/www.resonnance.org\/be\/author\/"}]}},"_links":{"self":[{"href":"https:\/\/www.resonnance.org\/be\/wp-json\/wp\/v2\/posts\/6511","targetHints":{"allow":["GET"]}}],"collection":[{"href":"https:\/\/www.resonnance.org\/be\/wp-json\/wp\/v2\/posts"}],"about":[{"href":"https:\/\/www.resonnance.org\/be\/wp-json\/wp\/v2\/types\/post"}],"author":[{"embeddable":true,"href":"https:\/\/www.resonnance.org\/be\/wp-json\/wp\/v2\/users\/2"}],"replies":[{"embeddable":true,"href":"https:\/\/www.resonnance.org\/be\/wp-json\/wp\/v2\/comments?post=6511"}],"version-history":[{"count":0,"href":"https:\/\/www.resonnance.org\/be\/wp-json\/wp\/v2\/posts\/6511\/revisions"}],"wp:attachment":[{"href":"https:\/\/www.resonnance.org\/be\/wp-json\/wp\/v2\/media?parent=6511"}],"wp:term":[{"taxonomy":"category","embeddable":true,"href":"https:\/\/www.resonnance.org\/be\/wp-json\/wp\/v2\/categories?post=6511"},{"taxonomy":"post_tag","embeddable":true,"href":"https:\/\/www.resonnance.org\/be\/wp-json\/wp\/v2\/tags?post=6511"}],"curies":[{"name":"wp","href":"https:\/\/api.w.org\/{rel}","templated":true}]}}