{"id":6150,"date":"2016-11-03T13:36:55","date_gmt":"2016-11-03T12:36:55","guid":{"rendered":"https:\/\/www.resonnance.org\/ch\/?p=6150"},"modified":"2016-12-12T18:23:03","modified_gmt":"2016-12-12T17:23:03","slug":"vous-etes-musicien-et-souhaitez-porter-votre-talent-en-participant-aux-concerts-de-solidarite","status":"publish","type":"post","link":"http:\/\/www.resonnance.org\/ch\/vous-etes-musicien-et-souhaitez-porter-votre-talent-en-participant-aux-concerts-de-solidarite\/","title":{"rendered":"Vous \u00eates musicien et souhaitez porter votre talent en participant aux concerts de solidarit\u00e9"},"content":{"rendered":"<blockquote><p>Les musiciens sont les m\u00e9decins de l&rsquo;\u00e2me.<\/p><\/blockquote>\n<p>La fondation\u00a0apporte de nouvelles perspectives sur la place et les missions de l&rsquo;artiste au sein de la soci\u00e9t\u00e9, en cr\u00e9ant une synergie entre des concerts de solidarit\u00e9 et un encadrement (auditions, cours, master classes).<\/p>\n<p>Vous souhaitez aider \u00e0 apaiser la souffrance dans des lieux o\u00f9 la musique n&rsquo;est pas gr\u00e2ce \u00e0 votre talent. <a href=\"https:\/\/www.resonnance.org\/ch\/contact\/\">Rejoignez-nous!<\/a><\/p>\n<p><a href=\"https:\/\/www.resonnance.org\/ch\/category\/lacademie\/\">Se renseigner sur\u00a0les prochaines master classes et conditions de participation<\/a><\/p>\n","protected":false},"excerpt":{"rendered":"<p>Entrez dans l&rsquo;aventure de la fondation R\u00e9sonnance. La fondation vous propose de participer \u00e0 un r\u00e9seau de concerts tout en recevant l&rsquo;encadrement d&rsquo;une formation sp\u00e9cifique.<\/p>\n","protected":false},"author":1,"featured_media":0,"comment_status":"open","ping_status":"open","sticky":false,"template":"","format":"aside","meta":{"_acf_changed":false,"footnotes":""},"categories":[3],"tags":[],"class_list":["post-6150","post","type-post","status-publish","format-aside","hentry","category-home","post_format-post-format-aside"],"acf":[],"yoast_head":"<!-- This site is optimized with the Yoast SEO plugin v23.9 - https:\/\/yoast.com\/wordpress\/plugins\/seo\/ -->\n<title>Vous \u00eates musicien et souhaitez porter votre talent en participant aux concerts de solidarit\u00e9 &#8226; Suisse<\/title>\n<meta name=\"robots\" content=\"index, follow, max-snippet:-1, max-image-preview:large, max-video-preview:-1\" \/>\n<link rel=\"canonical\" href=\"http:\/\/www.resonnance.org\/ch\/vous-etes-musicien-et-souhaitez-porter-votre-talent-en-participant-aux-concerts-de-solidarite\/\" \/>\n<meta property=\"og:locale\" content=\"fr_FR\" \/>\n<meta property=\"og:type\" content=\"article\" \/>\n<meta property=\"og:title\" content=\"Vous \u00eates musicien et souhaitez porter votre talent en participant aux concerts de solidarit\u00e9 &#8226; Suisse\" \/>\n<meta property=\"og:description\" content=\"Entrez dans l&#039;aventure de la fondation R\u00e9sonnance. La fondation vous propose de participer \u00e0 un r\u00e9seau de concerts tout en recevant l&#039;encadrement d&#039;une formation sp\u00e9cifique.\" \/>\n<meta property=\"og:url\" content=\"http:\/\/www.resonnance.org\/ch\/vous-etes-musicien-et-souhaitez-porter-votre-talent-en-participant-aux-concerts-de-solidarite\/\" \/>\n<meta property=\"og:site_name\" content=\"Suisse\" \/>\n<meta property=\"article:publisher\" content=\"https:\/\/www.facebook.com\/www.resonnance.org\" \/>\n<meta property=\"article:published_time\" content=\"2016-11-03T12:36:55+00:00\" \/>\n<meta property=\"article:modified_time\" content=\"2016-12-12T17:23:03+00:00\" \/>\n<meta name=\"author\" content=\"jonas\" \/>\n<meta name=\"twitter:card\" content=\"summary_large_image\" \/>\n<meta name=\"twitter:creator\" content=\"@fondresonnance\" \/>\n<meta name=\"twitter:site\" content=\"@fondresonnance\" \/>\n<meta name=\"twitter:label1\" content=\"\u00c9crit par\" \/>\n\t<meta name=\"twitter:data1\" content=\"jonas\" \/>\n<script type=\"application\/ld+json\" class=\"yoast-schema-graph\">{\"@context\":\"https:\/\/schema.org\",\"@graph\":[{\"@type\":\"WebPage\",\"@id\":\"http:\/\/www.resonnance.org\/ch\/vous-etes-musicien-et-souhaitez-porter-votre-talent-en-participant-aux-concerts-de-solidarite\/\",\"url\":\"http:\/\/www.resonnance.org\/ch\/vous-etes-musicien-et-souhaitez-porter-votre-talent-en-participant-aux-concerts-de-solidarite\/\",\"name\":\"Vous \u00eates musicien et souhaitez porter votre talent en participant aux concerts de solidarit\u00e9 &#8226; Suisse\",\"isPartOf\":{\"@id\":\"https:\/\/www.resonnance.org\/ch\/#website\"},\"datePublished\":\"2016-11-03T12:36:55+00:00\",\"dateModified\":\"2016-12-12T17:23:03+00:00\",\"author\":{\"@id\":\"https:\/\/www.resonnance.org\/ch\/#\/schema\/person\/40c99e385f4cf83a5a6dbc1d95a601bb\"},\"breadcrumb\":{\"@id\":\"http:\/\/www.resonnance.org\/ch\/vous-etes-musicien-et-souhaitez-porter-votre-talent-en-participant-aux-concerts-de-solidarite\/#breadcrumb\"},\"inLanguage\":\"fr-FR\",\"potentialAction\":[{\"@type\":\"ReadAction\",\"target\":[\"http:\/\/www.resonnance.org\/ch\/vous-etes-musicien-et-souhaitez-porter-votre-talent-en-participant-aux-concerts-de-solidarite\/\"]}]},{\"@type\":\"BreadcrumbList\",\"@id\":\"http:\/\/www.resonnance.org\/ch\/vous-etes-musicien-et-souhaitez-porter-votre-talent-en-participant-aux-concerts-de-solidarite\/#breadcrumb\",\"itemListElement\":[{\"@type\":\"ListItem\",\"position\":1,\"name\":\"Accueil\",\"item\":\"https:\/\/www.resonnance.org\/ch\/\"},{\"@type\":\"ListItem\",\"position\":2,\"name\":\"Vous \u00eates musicien et souhaitez porter votre talent en participant aux concerts de solidarit\u00e9\"}]},{\"@type\":\"WebSite\",\"@id\":\"https:\/\/www.resonnance.org\/ch\/#website\",\"url\":\"https:\/\/www.resonnance.org\/ch\/\",\"name\":\"Suisse\",\"description\":\"Un monde en R\u00e9sonnance\",\"potentialAction\":[{\"@type\":\"SearchAction\",\"target\":{\"@type\":\"EntryPoint\",\"urlTemplate\":\"https:\/\/www.resonnance.org\/ch\/?s={search_term_string}\"},\"query-input\":{\"@type\":\"PropertyValueSpecification\",\"valueRequired\":true,\"valueName\":\"search_term_string\"}}],\"inLanguage\":\"fr-FR\"},{\"@type\":\"Person\",\"@id\":\"https:\/\/www.resonnance.org\/ch\/#\/schema\/person\/40c99e385f4cf83a5a6dbc1d95a601bb\",\"name\":\"jonas\",\"image\":{\"@type\":\"ImageObject\",\"inLanguage\":\"fr-FR\",\"@id\":\"https:\/\/www.resonnance.org\/ch\/#\/schema\/person\/image\/\",\"url\":\"https:\/\/secure.gravatar.com\/avatar\/8d0970cc7fcad0b602d4a863ef0daade?s=96&d=mm&r=g\",\"contentUrl\":\"https:\/\/secure.gravatar.com\/avatar\/8d0970cc7fcad0b602d4a863ef0daade?s=96&d=mm&r=g\",\"caption\":\"jonas\"},\"url\":\"http:\/\/www.resonnance.org\/ch\/author\/jonas\/\"}]}<\/script>\n<!-- \/ Yoast SEO plugin. -->","yoast_head_json":{"title":"Vous \u00eates musicien et souhaitez porter votre talent en participant aux concerts de solidarit\u00e9 &#8226; Suisse","robots":{"index":"index","follow":"follow","max-snippet":"max-snippet:-1","max-image-preview":"max-image-preview:large","max-video-preview":"max-video-preview:-1"},"canonical":"http:\/\/www.resonnance.org\/ch\/vous-etes-musicien-et-souhaitez-porter-votre-talent-en-participant-aux-concerts-de-solidarite\/","og_locale":"fr_FR","og_type":"article","og_title":"Vous \u00eates musicien et souhaitez porter votre talent en participant aux concerts de solidarit\u00e9 &#8226; Suisse","og_description":"Entrez dans l'aventure de la fondation R\u00e9sonnance. La fondation vous propose de participer \u00e0 un r\u00e9seau de concerts tout en recevant l'encadrement d'une formation sp\u00e9cifique.","og_url":"http:\/\/www.resonnance.org\/ch\/vous-etes-musicien-et-souhaitez-porter-votre-talent-en-participant-aux-concerts-de-solidarite\/","og_site_name":"Suisse","article_publisher":"https:\/\/www.facebook.com\/www.resonnance.org","article_published_time":"2016-11-03T12:36:55+00:00","article_modified_time":"2016-12-12T17:23:03+00:00","author":"jonas","twitter_card":"summary_large_image","twitter_creator":"@fondresonnance","twitter_site":"@fondresonnance","twitter_misc":{"\u00c9crit par":"jonas"},"schema":{"@context":"https:\/\/schema.org","@graph":[{"@type":"WebPage","@id":"http:\/\/www.resonnance.org\/ch\/vous-etes-musicien-et-souhaitez-porter-votre-talent-en-participant-aux-concerts-de-solidarite\/","url":"http:\/\/www.resonnance.org\/ch\/vous-etes-musicien-et-souhaitez-porter-votre-talent-en-participant-aux-concerts-de-solidarite\/","name":"Vous \u00eates musicien et souhaitez porter votre talent en participant aux concerts de solidarit\u00e9 &#8226; Suisse","isPartOf":{"@id":"https:\/\/www.resonnance.org\/ch\/#website"},"datePublished":"2016-11-03T12:36:55+00:00","dateModified":"2016-12-12T17:23:03+00:00","author":{"@id":"https:\/\/www.resonnance.org\/ch\/#\/schema\/person\/40c99e385f4cf83a5a6dbc1d95a601bb"},"breadcrumb":{"@id":"http:\/\/www.resonnance.org\/ch\/vous-etes-musicien-et-souhaitez-porter-votre-talent-en-participant-aux-concerts-de-solidarite\/#breadcrumb"},"inLanguage":"fr-FR","potentialAction":[{"@type":"ReadAction","target":["http:\/\/www.resonnance.org\/ch\/vous-etes-musicien-et-souhaitez-porter-votre-talent-en-participant-aux-concerts-de-solidarite\/"]}]},{"@type":"BreadcrumbList","@id":"http:\/\/www.resonnance.org\/ch\/vous-etes-musicien-et-souhaitez-porter-votre-talent-en-participant-aux-concerts-de-solidarite\/#breadcrumb","itemListElement":[{"@type":"ListItem","position":1,"name":"Accueil","item":"https:\/\/www.resonnance.org\/ch\/"},{"@type":"ListItem","position":2,"name":"Vous \u00eates musicien et souhaitez porter votre talent en participant aux concerts de solidarit\u00e9"}]},{"@type":"WebSite","@id":"https:\/\/www.resonnance.org\/ch\/#website","url":"https:\/\/www.resonnance.org\/ch\/","name":"Suisse","description":"Un monde en R\u00e9sonnance","potentialAction":[{"@type":"SearchAction","target":{"@type":"EntryPoint","urlTemplate":"https:\/\/www.resonnance.org\/ch\/?s={search_term_string}"},"query-input":{"@type":"PropertyValueSpecification","valueRequired":true,"valueName":"search_term_string"}}],"inLanguage":"fr-FR"},{"@type":"Person","@id":"https:\/\/www.resonnance.org\/ch\/#\/schema\/person\/40c99e385f4cf83a5a6dbc1d95a601bb","name":"jonas","image":{"@type":"ImageObject","inLanguage":"fr-FR","@id":"https:\/\/www.resonnance.org\/ch\/#\/schema\/person\/image\/","url":"https:\/\/secure.gravatar.com\/avatar\/8d0970cc7fcad0b602d4a863ef0daade?s=96&d=mm&r=g","contentUrl":"https:\/\/secure.gravatar.com\/avatar\/8d0970cc7fcad0b602d4a863ef0daade?s=96&d=mm&r=g","caption":"jonas"},"url":"http:\/\/www.resonnance.org\/ch\/author\/jonas\/"}]}},"_links":{"self":[{"href":"http:\/\/www.resonnance.org\/ch\/wp-json\/wp\/v2\/posts\/6150","targetHints":{"allow":["GET"]}}],"collection":[{"href":"http:\/\/www.resonnance.org\/ch\/wp-json\/wp\/v2\/posts"}],"about":[{"href":"http:\/\/www.resonnance.org\/ch\/wp-json\/wp\/v2\/types\/post"}],"author":[{"embeddable":true,"href":"http:\/\/www.resonnance.org\/ch\/wp-json\/wp\/v2\/users\/1"}],"replies":[{"embeddable":true,"href":"http:\/\/www.resonnance.org\/ch\/wp-json\/wp\/v2\/comments?post=6150"}],"version-history":[{"count":0,"href":"http:\/\/www.resonnance.org\/ch\/wp-json\/wp\/v2\/posts\/6150\/revisions"}],"wp:attachment":[{"href":"http:\/\/www.resonnance.org\/ch\/wp-json\/wp\/v2\/media?parent=6150"}],"wp:term":[{"taxonomy":"category","embeddable":true,"href":"http:\/\/www.resonnance.org\/ch\/wp-json\/wp\/v2\/categories?post=6150"},{"taxonomy":"post_tag","embeddable":true,"href":"http:\/\/www.resonnance.org\/ch\/wp-json\/wp\/v2\/tags?post=6150"}],"curies":[{"name":"wp","href":"https:\/\/api.w.org\/{rel}","templated":true}]}}