{"id":1809,"date":"2016-06-15T13:29:12","date_gmt":"2016-06-15T11:29:12","guid":{"rendered":"https:\/\/www.resonnance.org\/ch\/?p=1809"},"modified":"2016-12-12T18:23:03","modified_gmt":"2016-12-12T17:23:03","slug":"les-professeurs","status":"publish","type":"post","link":"http:\/\/www.resonnance.org\/ch\/les-professeurs\/","title":{"rendered":"Professeurs"},"content":{"rendered":"<ul>\n<li><strong>Elizabeth Sombart,<\/strong>\u00a0<em>Cr\u00e9atrice et pr\u00e9sidente de\u00a0la Fondation R\u00e9sonnance &#8211; <\/em><a href=\"https:\/\/www.resonnance.org\/ch\/blog\/2016\/05\/26\/elizabeth-sombart\/\">biographie<\/a><\/li>\n<li class=\"nomarginbottom\"><strong>Jordi Mora,<\/strong>\u00a0<em>Chef d&rsquo;orchestre,\u00a0Doyen de la P\u00e9dagogie R\u00e9sonnance &#8211; <\/em><a href=\"https:\/\/www.resonnance.org\/ch\/blog\/2016\/06\/16\/jordi-mora\/\">biographie<\/a><\/li>\n<li class=\"nomarginbottom\"><strong>Jean-Marc Aymon,\u00a0<\/strong><em>Historien de la musique et\u00a0membre du Conseil de Fondation<em> &#8211; <\/em><\/em><a href=\"https:\/\/www.resonnance.org\/ch\/blog\/2016\/06\/16\/professeurs-jean-marc-aymon\/\">biographie<\/a><\/li>\n<li class=\"nomarginbottom\"><strong>Jean-Claude D\u00e9nervaud,\u00a0<\/strong><em>Pianiste et\u00a0directeur du CIEPR<\/em> &#8211; <a href=\"https:\/\/www.resonnance.org\/ch\/blog\/2016\/06\/16\/professeurs-jean-claude-denervaud\/\">biographie<\/a><\/li>\n<li class=\"nomarginbottom\"><strong>Vincent Aguettant,\u00a0<\/strong><em>Contre-t\u00e9nor et conseiller\u00a0artistique du CIEPR<\/em> &#8211; <a href=\"https:\/\/www.resonnance.org\/ch\/blog\/2016\/06\/16\/professeurs-vincent-aguettant\/\">biographie<\/a><\/li>\n<li class=\"nomarginbottom\"><strong>Alessandro Drago,<\/strong>\u00a0<em>Pianiste<\/em> &#8211; <a href=\"https:\/\/www.resonnance.org\/ch\/blog\/2016\/06\/16\/professeurs-alessandro-drago\/\">biographie<\/a><\/li>\n<li class=\"nomarginbottom\"><strong>Lavinia Dragos,\u00a0<\/strong><em>Pianiste et responsable de\u00a0R\u00e9sonnance Roumanie<\/em> &#8211; <a href=\"https:\/\/www.resonnance.org\/ch\/blog\/2016\/06\/16\/professeurs-lavinia-dragos\/\">biographie<\/a><\/li>\n<li class=\"nomarginbottom\"><strong>Diego Miguel-Urzanqui,\u00a0<\/strong><em>Violoniste, chef d&rsquo;orchestre et\u00a0co-responsable de R\u00e9sonnance Espagne<\/em> &#8211; <a href=\"https:\/\/www.resonnance.org\/ch\/blog\/2016\/06\/16\/professeurs-diego-miguel-urzanqui\/\">biographie<\/a><\/li>\n<li class=\"nomarginbottom\"><strong>Hala Kahi,\u00a0<\/strong><em>Pianiste et responsable de\u00a0R\u00e9sonnance Liban<\/em> &#8211; <a href=\"https:\/\/www.resonnance.org\/ch\/blog\/2016\/06\/16\/professeurs-hala-kahi\/\">biographie<\/a><\/li>\n<li class=\"nomarginbottom\"><strong>Pilar Guarn\u00e9,\u00a0<\/strong><em>Pianiste et responsable de\u00a0R\u00e9sonnance Espagne<\/em> &#8211; <a href=\"https:\/\/www.resonnance.org\/ch\/blog\/2016\/06\/16\/professeurs-pilar-guarne\/\">biographie<\/a><\/li>\n<li class=\"nomarginbottom\"><strong>Maryse Karam,\u00a0<\/strong><em>Pianiste et professeur<\/em> &#8211; <a href=\"https:\/\/www.resonnance.org\/ch\/blog\/2016\/06\/16\/professeurs-maryse-karam\/\">biographie<\/a><\/li>\n<li class=\"nomarginbottom\"><strong>Walid Moussallem,\u00a0<\/strong><em>Pianiste et chef d&rsquo;orchestre<\/em> &#8211; <a href=\"https:\/\/www.resonnance.org\/ch\/blog\/2016\/06\/16\/les-professeurs-2\/\">biographie<\/a><\/li>\n<li class=\"nomarginbottom\"><strong>Fabrice Eulry,\u00a0<\/strong><em>Pianiste et professeur<\/em> &#8211; <a href=\"https:\/\/www.resonnance.org\/ch\/blog\/2016\/06\/16\/professeurs-fabrice-eulry\/\">biographie<\/a><\/li>\n<\/ul>\n","protected":false},"excerpt":{"rendered":"<p>Elizabeth Sombart,\u00a0Cr\u00e9atrice et pr\u00e9sidente de\u00a0la Fondation R\u00e9sonnance &#8211; biographie Jordi Mora,\u00a0Chef d&rsquo;orchestre,\u00a0Doyen de la P\u00e9dagogie R\u00e9sonnance &#8211; biographie Jean-Marc Aymon,\u00a0Historien de la musique et\u00a0membre du Conseil de Fondation &#8211; biographie Jean-Claude D\u00e9nervaud,\u00a0Pianiste et\u00a0directeur du CIEPR &#8211; biographie Vincent Aguettant,\u00a0Contre-t\u00e9nor et conseiller\u00a0artistique du CIEPR &#8211; biographie Alessandro Drago,\u00a0Pianiste &#8211; biographie Lavinia Dragos,\u00a0Pianiste et responsable de\u00a0R\u00e9sonnance Roumanie [&hellip;]<\/p>\n","protected":false},"author":1,"featured_media":1810,"comment_status":"open","ping_status":"open","sticky":false,"template":"","format":"link","meta":{"_acf_changed":false,"footnotes":""},"categories":[5],"tags":[],"class_list":["post-1809","post","type-post","status-publish","format-link","has-post-thumbnail","hentry","category-lacademie","post_format-post-format-link"],"acf":[],"yoast_head":"<!-- This site is optimized with the Yoast SEO plugin v23.9 - https:\/\/yoast.com\/wordpress\/plugins\/seo\/ -->\n<title>Professeurs &#8226; Suisse<\/title>\n<meta name=\"robots\" content=\"index, follow, max-snippet:-1, max-image-preview:large, max-video-preview:-1\" \/>\n<link rel=\"canonical\" href=\"http:\/\/www.resonnance.org\/ch\/les-professeurs\/\" \/>\n<meta property=\"og:locale\" content=\"fr_FR\" \/>\n<meta property=\"og:type\" content=\"article\" \/>\n<meta property=\"og:title\" content=\"Professeurs &#8226; Suisse\" \/>\n<meta property=\"og:description\" content=\"Elizabeth Sombart,\u00a0Cr\u00e9atrice et pr\u00e9sidente de\u00a0la Fondation R\u00e9sonnance &#8211; biographie Jordi Mora,\u00a0Chef d&rsquo;orchestre,\u00a0Doyen de la P\u00e9dagogie R\u00e9sonnance &#8211; biographie Jean-Marc Aymon,\u00a0Historien de la musique et\u00a0membre du Conseil de Fondation &#8211; biographie Jean-Claude D\u00e9nervaud,\u00a0Pianiste et\u00a0directeur du CIEPR &#8211; biographie Vincent Aguettant,\u00a0Contre-t\u00e9nor et conseiller\u00a0artistique du CIEPR &#8211; biographie Alessandro Drago,\u00a0Pianiste &#8211; biographie Lavinia Dragos,\u00a0Pianiste et responsable de\u00a0R\u00e9sonnance Roumanie [&hellip;]\" \/>\n<meta property=\"og:url\" content=\"http:\/\/www.resonnance.org\/ch\/les-professeurs\/\" \/>\n<meta property=\"og:site_name\" content=\"Suisse\" \/>\n<meta property=\"article:publisher\" content=\"https:\/\/www.facebook.com\/www.resonnance.org\" \/>\n<meta property=\"article:published_time\" content=\"2016-06-15T11:29:12+00:00\" \/>\n<meta property=\"article:modified_time\" content=\"2016-12-12T17:23:03+00:00\" \/>\n<meta property=\"og:image\" content=\"http:\/\/www.resonnance.org\/ch\/wp-content\/uploads\/sites\/1\/2016\/06\/professeurs.jpg\" \/>\n\t<meta property=\"og:image:width\" content=\"1017\" \/>\n\t<meta property=\"og:image:height\" content=\"258\" \/>\n\t<meta property=\"og:image:type\" content=\"image\/jpeg\" \/>\n<meta name=\"author\" content=\"jonas\" \/>\n<meta name=\"twitter:card\" content=\"summary_large_image\" \/>\n<meta name=\"twitter:creator\" content=\"@fondresonnance\" \/>\n<meta name=\"twitter:site\" content=\"@fondresonnance\" \/>\n<meta name=\"twitter:label1\" content=\"\u00c9crit par\" \/>\n\t<meta name=\"twitter:data1\" content=\"jonas\" \/>\n\t<meta name=\"twitter:label2\" content=\"Dur\u00e9e de lecture estim\u00e9e\" \/>\n\t<meta name=\"twitter:data2\" content=\"1 minute\" \/>\n<script type=\"application\/ld+json\" class=\"yoast-schema-graph\">{\"@context\":\"https:\/\/schema.org\",\"@graph\":[{\"@type\":\"WebPage\",\"@id\":\"http:\/\/www.resonnance.org\/ch\/les-professeurs\/\",\"url\":\"http:\/\/www.resonnance.org\/ch\/les-professeurs\/\",\"name\":\"Professeurs &#8226; Suisse\",\"isPartOf\":{\"@id\":\"https:\/\/www.resonnance.org\/ch\/#website\"},\"primaryImageOfPage\":{\"@id\":\"http:\/\/www.resonnance.org\/ch\/les-professeurs\/#primaryimage\"},\"image\":{\"@id\":\"http:\/\/www.resonnance.org\/ch\/les-professeurs\/#primaryimage\"},\"thumbnailUrl\":\"http:\/\/www.resonnance.org\/ch\/wp-content\/uploads\/sites\/1\/2016\/06\/professeurs.jpg\",\"datePublished\":\"2016-06-15T11:29:12+00:00\",\"dateModified\":\"2016-12-12T17:23:03+00:00\",\"author\":{\"@id\":\"https:\/\/www.resonnance.org\/ch\/#\/schema\/person\/40c99e385f4cf83a5a6dbc1d95a601bb\"},\"breadcrumb\":{\"@id\":\"http:\/\/www.resonnance.org\/ch\/les-professeurs\/#breadcrumb\"},\"inLanguage\":\"fr-FR\",\"potentialAction\":[{\"@type\":\"ReadAction\",\"target\":[\"http:\/\/www.resonnance.org\/ch\/les-professeurs\/\"]}]},{\"@type\":\"ImageObject\",\"inLanguage\":\"fr-FR\",\"@id\":\"http:\/\/www.resonnance.org\/ch\/les-professeurs\/#primaryimage\",\"url\":\"http:\/\/www.resonnance.org\/ch\/wp-content\/uploads\/sites\/1\/2016\/06\/professeurs.jpg\",\"contentUrl\":\"http:\/\/www.resonnance.org\/ch\/wp-content\/uploads\/sites\/1\/2016\/06\/professeurs.jpg\",\"width\":1017,\"height\":258},{\"@type\":\"BreadcrumbList\",\"@id\":\"http:\/\/www.resonnance.org\/ch\/les-professeurs\/#breadcrumb\",\"itemListElement\":[{\"@type\":\"ListItem\",\"position\":1,\"name\":\"Accueil\",\"item\":\"https:\/\/www.resonnance.org\/ch\/\"},{\"@type\":\"ListItem\",\"position\":2,\"name\":\"Professeurs\"}]},{\"@type\":\"WebSite\",\"@id\":\"https:\/\/www.resonnance.org\/ch\/#website\",\"url\":\"https:\/\/www.resonnance.org\/ch\/\",\"name\":\"Suisse\",\"description\":\"Un monde en R\u00e9sonnance\",\"potentialAction\":[{\"@type\":\"SearchAction\",\"target\":{\"@type\":\"EntryPoint\",\"urlTemplate\":\"https:\/\/www.resonnance.org\/ch\/?s={search_term_string}\"},\"query-input\":{\"@type\":\"PropertyValueSpecification\",\"valueRequired\":true,\"valueName\":\"search_term_string\"}}],\"inLanguage\":\"fr-FR\"},{\"@type\":\"Person\",\"@id\":\"https:\/\/www.resonnance.org\/ch\/#\/schema\/person\/40c99e385f4cf83a5a6dbc1d95a601bb\",\"name\":\"jonas\",\"image\":{\"@type\":\"ImageObject\",\"inLanguage\":\"fr-FR\",\"@id\":\"https:\/\/www.resonnance.org\/ch\/#\/schema\/person\/image\/\",\"url\":\"https:\/\/secure.gravatar.com\/avatar\/8d0970cc7fcad0b602d4a863ef0daade?s=96&d=mm&r=g\",\"contentUrl\":\"https:\/\/secure.gravatar.com\/avatar\/8d0970cc7fcad0b602d4a863ef0daade?s=96&d=mm&r=g\",\"caption\":\"jonas\"},\"url\":\"http:\/\/www.resonnance.org\/ch\/author\/jonas\/\"}]}<\/script>\n<!-- \/ Yoast SEO plugin. -->","yoast_head_json":{"title":"Professeurs &#8226; Suisse","robots":{"index":"index","follow":"follow","max-snippet":"max-snippet:-1","max-image-preview":"max-image-preview:large","max-video-preview":"max-video-preview:-1"},"canonical":"http:\/\/www.resonnance.org\/ch\/les-professeurs\/","og_locale":"fr_FR","og_type":"article","og_title":"Professeurs &#8226; Suisse","og_description":"Elizabeth Sombart,\u00a0Cr\u00e9atrice et pr\u00e9sidente de\u00a0la Fondation R\u00e9sonnance &#8211; biographie Jordi Mora,\u00a0Chef d&rsquo;orchestre,\u00a0Doyen de la P\u00e9dagogie R\u00e9sonnance &#8211; biographie Jean-Marc Aymon,\u00a0Historien de la musique et\u00a0membre du Conseil de Fondation &#8211; biographie Jean-Claude D\u00e9nervaud,\u00a0Pianiste et\u00a0directeur du CIEPR &#8211; biographie Vincent Aguettant,\u00a0Contre-t\u00e9nor et conseiller\u00a0artistique du CIEPR &#8211; biographie Alessandro Drago,\u00a0Pianiste &#8211; biographie Lavinia Dragos,\u00a0Pianiste et responsable de\u00a0R\u00e9sonnance Roumanie [&hellip;]","og_url":"http:\/\/www.resonnance.org\/ch\/les-professeurs\/","og_site_name":"Suisse","article_publisher":"https:\/\/www.facebook.com\/www.resonnance.org","article_published_time":"2016-06-15T11:29:12+00:00","article_modified_time":"2016-12-12T17:23:03+00:00","og_image":[{"width":1017,"height":258,"url":"http:\/\/www.resonnance.org\/ch\/wp-content\/uploads\/sites\/1\/2016\/06\/professeurs.jpg","type":"image\/jpeg"}],"author":"jonas","twitter_card":"summary_large_image","twitter_creator":"@fondresonnance","twitter_site":"@fondresonnance","twitter_misc":{"\u00c9crit par":"jonas","Dur\u00e9e de lecture estim\u00e9e":"1 minute"},"schema":{"@context":"https:\/\/schema.org","@graph":[{"@type":"WebPage","@id":"http:\/\/www.resonnance.org\/ch\/les-professeurs\/","url":"http:\/\/www.resonnance.org\/ch\/les-professeurs\/","name":"Professeurs &#8226; Suisse","isPartOf":{"@id":"https:\/\/www.resonnance.org\/ch\/#website"},"primaryImageOfPage":{"@id":"http:\/\/www.resonnance.org\/ch\/les-professeurs\/#primaryimage"},"image":{"@id":"http:\/\/www.resonnance.org\/ch\/les-professeurs\/#primaryimage"},"thumbnailUrl":"http:\/\/www.resonnance.org\/ch\/wp-content\/uploads\/sites\/1\/2016\/06\/professeurs.jpg","datePublished":"2016-06-15T11:29:12+00:00","dateModified":"2016-12-12T17:23:03+00:00","author":{"@id":"https:\/\/www.resonnance.org\/ch\/#\/schema\/person\/40c99e385f4cf83a5a6dbc1d95a601bb"},"breadcrumb":{"@id":"http:\/\/www.resonnance.org\/ch\/les-professeurs\/#breadcrumb"},"inLanguage":"fr-FR","potentialAction":[{"@type":"ReadAction","target":["http:\/\/www.resonnance.org\/ch\/les-professeurs\/"]}]},{"@type":"ImageObject","inLanguage":"fr-FR","@id":"http:\/\/www.resonnance.org\/ch\/les-professeurs\/#primaryimage","url":"http:\/\/www.resonnance.org\/ch\/wp-content\/uploads\/sites\/1\/2016\/06\/professeurs.jpg","contentUrl":"http:\/\/www.resonnance.org\/ch\/wp-content\/uploads\/sites\/1\/2016\/06\/professeurs.jpg","width":1017,"height":258},{"@type":"BreadcrumbList","@id":"http:\/\/www.resonnance.org\/ch\/les-professeurs\/#breadcrumb","itemListElement":[{"@type":"ListItem","position":1,"name":"Accueil","item":"https:\/\/www.resonnance.org\/ch\/"},{"@type":"ListItem","position":2,"name":"Professeurs"}]},{"@type":"WebSite","@id":"https:\/\/www.resonnance.org\/ch\/#website","url":"https:\/\/www.resonnance.org\/ch\/","name":"Suisse","description":"Un monde en R\u00e9sonnance","potentialAction":[{"@type":"SearchAction","target":{"@type":"EntryPoint","urlTemplate":"https:\/\/www.resonnance.org\/ch\/?s={search_term_string}"},"query-input":{"@type":"PropertyValueSpecification","valueRequired":true,"valueName":"search_term_string"}}],"inLanguage":"fr-FR"},{"@type":"Person","@id":"https:\/\/www.resonnance.org\/ch\/#\/schema\/person\/40c99e385f4cf83a5a6dbc1d95a601bb","name":"jonas","image":{"@type":"ImageObject","inLanguage":"fr-FR","@id":"https:\/\/www.resonnance.org\/ch\/#\/schema\/person\/image\/","url":"https:\/\/secure.gravatar.com\/avatar\/8d0970cc7fcad0b602d4a863ef0daade?s=96&d=mm&r=g","contentUrl":"https:\/\/secure.gravatar.com\/avatar\/8d0970cc7fcad0b602d4a863ef0daade?s=96&d=mm&r=g","caption":"jonas"},"url":"http:\/\/www.resonnance.org\/ch\/author\/jonas\/"}]}},"_links":{"self":[{"href":"http:\/\/www.resonnance.org\/ch\/wp-json\/wp\/v2\/posts\/1809","targetHints":{"allow":["GET"]}}],"collection":[{"href":"http:\/\/www.resonnance.org\/ch\/wp-json\/wp\/v2\/posts"}],"about":[{"href":"http:\/\/www.resonnance.org\/ch\/wp-json\/wp\/v2\/types\/post"}],"author":[{"embeddable":true,"href":"http:\/\/www.resonnance.org\/ch\/wp-json\/wp\/v2\/users\/1"}],"replies":[{"embeddable":true,"href":"http:\/\/www.resonnance.org\/ch\/wp-json\/wp\/v2\/comments?post=1809"}],"version-history":[{"count":0,"href":"http:\/\/www.resonnance.org\/ch\/wp-json\/wp\/v2\/posts\/1809\/revisions"}],"wp:featuredmedia":[{"embeddable":true,"href":"http:\/\/www.resonnance.org\/ch\/wp-json\/wp\/v2\/media\/1810"}],"wp:attachment":[{"href":"http:\/\/www.resonnance.org\/ch\/wp-json\/wp\/v2\/media?parent=1809"}],"wp:term":[{"taxonomy":"category","embeddable":true,"href":"http:\/\/www.resonnance.org\/ch\/wp-json\/wp\/v2\/categories?post=1809"},{"taxonomy":"post_tag","embeddable":true,"href":"http:\/\/www.resonnance.org\/ch\/wp-json\/wp\/v2\/tags?post=1809"}],"curies":[{"name":"wp","href":"https:\/\/api.w.org\/{rel}","templated":true}]}}