{"id":1278,"date":"2016-05-26T22:30:50","date_gmt":"2016-05-26T20:30:50","guid":{"rendered":"https:\/\/www.resonnance.org\/?p=1278"},"modified":"2016-12-12T18:23:09","modified_gmt":"2016-12-12T17:23:09","slug":"comite-dhonneur","status":"publish","type":"post","link":"http:\/\/www.resonnance.org\/ch\/comite-dhonneur\/","title":{"rendered":"Comit\u00e9 d&rsquo;honneur International"},"content":{"rendered":"<ul class=\"list-2-columns\">\n<li>S.E M\u00e9tropolite Elias Audi<\/li>\n<li>Jacques Desbri\u00e8res<\/li>\n<li>Miguel \u00c1ngel Estrella<\/li>\n<li>Rafael Guardans<\/li>\n<li>Yvette Jaggi<\/li>\n<li>Thierry Lhermitte<\/li>\n<li>Diane Mecattaf<\/li>\n<li>M<sup>e<\/sup> Yves No\u00ebl<\/li>\n<li>Jean d&rsquo;Ormesson<\/li>\n<li>France Majoie Le Lous<\/li>\n<li>M<sup>gr<\/sup> Paul Poupard<\/li>\n<li>Jean-Philippe Rapp<\/li>\n<li>Jordi Roch<\/li>\n<li>Claudia Ruspoli<\/li>\n<li>Marianne S\u00e9bastien<\/li>\n<li>Lavinia Spandonide<\/li>\n<li>Uto Ughi<\/li>\n<li>Igor Ustinov<\/li>\n<li><span class=\"nn_tabs-toggle-inner\">Carmen Vil\u00e1<br \/>\n<em>(voir vid\u00e9os ci-dessous)<\/em><\/span><\/li>\n<\/ul>\n<div>\n<div class=\"nn_tabs outline_handles outline_content align_justify\">\n<div class=\"tab-content\">\n<div id=\"carmen-vil\u00e1\" class=\"tab-pane active fade in\">\n<div class=\"visible-large\">\n<div class=\"row-fluid medmarginbottom\">\n<div class=\"span4\"><\/div>\n<div class=\"span4\"><a class=\"playit\" href=\"https:\/\/www.resonnance.org\/resonnance\/presentation-resonnance\/les-comites\/comite-d-honneur-resonnance#\"><img decoding=\"async\" src=\"http:\/\/d3hzilk4d547xx.cloudfront.net\/video\/0206\/0206-sm.jpg\" \/><\/a><\/div>\n<div class=\"span4\"><a class=\"playit\" href=\"https:\/\/www.resonnance.org\/resonnance\/presentation-resonnance\/les-comites\/comite-d-honneur-resonnance#\"><img decoding=\"async\" src=\"http:\/\/d3hzilk4d547xx.cloudfront.net\/video\/0207\/0207-sm.jpg\" \/><\/a><\/div>\n<div class=\"span4\"><a class=\"playit\" href=\"https:\/\/www.resonnance.org\/resonnance\/presentation-resonnance\/les-comites\/comite-d-honneur-resonnance#\"><img decoding=\"async\" src=\"http:\/\/d3hzilk4d547xx.cloudfront.net\/video\/0208\/0208-sm.jpg\" \/><\/a><\/div>\n<\/div>\n<div class=\"clear\"><\/div>\n<div class=\"row-fluid medmarginbottom\">\n<div class=\"span4\"><a class=\"playit\" href=\"https:\/\/www.resonnance.org\/resonnance\/presentation-resonnance\/les-comites\/comite-d-honneur-resonnance#\"><img decoding=\"async\" src=\"http:\/\/d3hzilk4d547xx.cloudfront.net\/video\/0209\/0209-sm.jpg\" \/><\/a><\/div>\n<\/div>\n<\/div>\n<\/div>\n<\/div>\n<\/div>\n<\/div>\n","protected":false},"excerpt":{"rendered":"<p>La Fondation peut compter sur le soutien d&rsquo;\u00e9minentes personnalit\u00e9s au rayonnement international.<\/p>\n","protected":false},"author":1,"featured_media":0,"comment_status":"open","ping_status":"open","sticky":false,"template":"","format":"aside","meta":{"_acf_changed":false,"footnotes":""},"categories":[4],"tags":[],"class_list":["post-1278","post","type-post","status-publish","format-aside","hentry","category-la-fondation","post_format-post-format-aside"],"acf":[],"yoast_head":"<!-- This site is optimized with the Yoast SEO plugin v23.9 - https:\/\/yoast.com\/wordpress\/plugins\/seo\/ -->\n<title>Comit\u00e9 d&#039;honneur International &#8226; Suisse<\/title>\n<meta name=\"robots\" content=\"index, follow, max-snippet:-1, max-image-preview:large, max-video-preview:-1\" \/>\n<link rel=\"canonical\" href=\"http:\/\/www.resonnance.org\/ch\/comite-dhonneur\/\" \/>\n<meta property=\"og:locale\" content=\"fr_FR\" \/>\n<meta property=\"og:type\" content=\"article\" \/>\n<meta property=\"og:title\" content=\"Comit\u00e9 d&#039;honneur International &#8226; Suisse\" \/>\n<meta property=\"og:description\" content=\"La Fondation peut compter sur le soutien d&#039;\u00e9minentes personnalit\u00e9s au rayonnement international.\" \/>\n<meta property=\"og:url\" content=\"http:\/\/www.resonnance.org\/ch\/comite-dhonneur\/\" \/>\n<meta property=\"og:site_name\" content=\"Suisse\" \/>\n<meta property=\"article:publisher\" content=\"https:\/\/www.facebook.com\/www.resonnance.org\" \/>\n<meta property=\"article:published_time\" content=\"2016-05-26T20:30:50+00:00\" \/>\n<meta property=\"article:modified_time\" content=\"2016-12-12T17:23:09+00:00\" \/>\n<meta property=\"og:image\" content=\"http:\/\/d3hzilk4d547xx.cloudfront.net\/video\/0206\/0206-sm.jpg\" \/>\n<meta name=\"author\" content=\"jonas\" \/>\n<meta name=\"twitter:card\" content=\"summary_large_image\" \/>\n<meta name=\"twitter:creator\" content=\"@fondresonnance\" \/>\n<meta name=\"twitter:site\" content=\"@fondresonnance\" \/>\n<meta name=\"twitter:label1\" content=\"\u00c9crit par\" \/>\n\t<meta name=\"twitter:data1\" content=\"jonas\" \/>\n<script type=\"application\/ld+json\" class=\"yoast-schema-graph\">{\"@context\":\"https:\/\/schema.org\",\"@graph\":[{\"@type\":\"WebPage\",\"@id\":\"http:\/\/www.resonnance.org\/ch\/comite-dhonneur\/\",\"url\":\"http:\/\/www.resonnance.org\/ch\/comite-dhonneur\/\",\"name\":\"Comit\u00e9 d'honneur International &#8226; Suisse\",\"isPartOf\":{\"@id\":\"http:\/\/www.resonnance.org\/ch\/#website\"},\"primaryImageOfPage\":{\"@id\":\"http:\/\/www.resonnance.org\/ch\/comite-dhonneur\/#primaryimage\"},\"image\":{\"@id\":\"http:\/\/www.resonnance.org\/ch\/comite-dhonneur\/#primaryimage\"},\"thumbnailUrl\":\"http:\/\/d3hzilk4d547xx.cloudfront.net\/video\/0206\/0206-sm.jpg\",\"datePublished\":\"2016-05-26T20:30:50+00:00\",\"dateModified\":\"2016-12-12T17:23:09+00:00\",\"author\":{\"@id\":\"http:\/\/www.resonnance.org\/ch\/#\/schema\/person\/40c99e385f4cf83a5a6dbc1d95a601bb\"},\"breadcrumb\":{\"@id\":\"http:\/\/www.resonnance.org\/ch\/comite-dhonneur\/#breadcrumb\"},\"inLanguage\":\"fr-FR\",\"potentialAction\":[{\"@type\":\"ReadAction\",\"target\":[\"http:\/\/www.resonnance.org\/ch\/comite-dhonneur\/\"]}]},{\"@type\":\"ImageObject\",\"inLanguage\":\"fr-FR\",\"@id\":\"http:\/\/www.resonnance.org\/ch\/comite-dhonneur\/#primaryimage\",\"url\":\"http:\/\/d3hzilk4d547xx.cloudfront.net\/video\/0206\/0206-sm.jpg\",\"contentUrl\":\"http:\/\/d3hzilk4d547xx.cloudfront.net\/video\/0206\/0206-sm.jpg\"},{\"@type\":\"BreadcrumbList\",\"@id\":\"http:\/\/www.resonnance.org\/ch\/comite-dhonneur\/#breadcrumb\",\"itemListElement\":[{\"@type\":\"ListItem\",\"position\":1,\"name\":\"Accueil\",\"item\":\"http:\/\/www.resonnance.org\/ch\/\"},{\"@type\":\"ListItem\",\"position\":2,\"name\":\"Comit\u00e9 d&rsquo;honneur International\"}]},{\"@type\":\"WebSite\",\"@id\":\"http:\/\/www.resonnance.org\/ch\/#website\",\"url\":\"http:\/\/www.resonnance.org\/ch\/\",\"name\":\"Suisse\",\"description\":\"Un monde en R\u00e9sonnance\",\"potentialAction\":[{\"@type\":\"SearchAction\",\"target\":{\"@type\":\"EntryPoint\",\"urlTemplate\":\"http:\/\/www.resonnance.org\/ch\/?s={search_term_string}\"},\"query-input\":{\"@type\":\"PropertyValueSpecification\",\"valueRequired\":true,\"valueName\":\"search_term_string\"}}],\"inLanguage\":\"fr-FR\"},{\"@type\":\"Person\",\"@id\":\"http:\/\/www.resonnance.org\/ch\/#\/schema\/person\/40c99e385f4cf83a5a6dbc1d95a601bb\",\"name\":\"jonas\",\"image\":{\"@type\":\"ImageObject\",\"inLanguage\":\"fr-FR\",\"@id\":\"http:\/\/www.resonnance.org\/ch\/#\/schema\/person\/image\/\",\"url\":\"https:\/\/secure.gravatar.com\/avatar\/8d0970cc7fcad0b602d4a863ef0daade?s=96&d=mm&r=g\",\"contentUrl\":\"https:\/\/secure.gravatar.com\/avatar\/8d0970cc7fcad0b602d4a863ef0daade?s=96&d=mm&r=g\",\"caption\":\"jonas\"},\"url\":\"http:\/\/www.resonnance.org\/ch\/author\/jonas\/\"}]}<\/script>\n<!-- \/ Yoast SEO plugin. -->","yoast_head_json":{"title":"Comit\u00e9 d'honneur International &#8226; Suisse","robots":{"index":"index","follow":"follow","max-snippet":"max-snippet:-1","max-image-preview":"max-image-preview:large","max-video-preview":"max-video-preview:-1"},"canonical":"http:\/\/www.resonnance.org\/ch\/comite-dhonneur\/","og_locale":"fr_FR","og_type":"article","og_title":"Comit\u00e9 d'honneur International &#8226; Suisse","og_description":"La Fondation peut compter sur le soutien d'\u00e9minentes personnalit\u00e9s au rayonnement international.","og_url":"http:\/\/www.resonnance.org\/ch\/comite-dhonneur\/","og_site_name":"Suisse","article_publisher":"https:\/\/www.facebook.com\/www.resonnance.org","article_published_time":"2016-05-26T20:30:50+00:00","article_modified_time":"2016-12-12T17:23:09+00:00","og_image":[{"url":"http:\/\/d3hzilk4d547xx.cloudfront.net\/video\/0206\/0206-sm.jpg"}],"author":"jonas","twitter_card":"summary_large_image","twitter_creator":"@fondresonnance","twitter_site":"@fondresonnance","twitter_misc":{"\u00c9crit par":"jonas"},"schema":{"@context":"https:\/\/schema.org","@graph":[{"@type":"WebPage","@id":"http:\/\/www.resonnance.org\/ch\/comite-dhonneur\/","url":"http:\/\/www.resonnance.org\/ch\/comite-dhonneur\/","name":"Comit\u00e9 d'honneur International &#8226; Suisse","isPartOf":{"@id":"http:\/\/www.resonnance.org\/ch\/#website"},"primaryImageOfPage":{"@id":"http:\/\/www.resonnance.org\/ch\/comite-dhonneur\/#primaryimage"},"image":{"@id":"http:\/\/www.resonnance.org\/ch\/comite-dhonneur\/#primaryimage"},"thumbnailUrl":"http:\/\/d3hzilk4d547xx.cloudfront.net\/video\/0206\/0206-sm.jpg","datePublished":"2016-05-26T20:30:50+00:00","dateModified":"2016-12-12T17:23:09+00:00","author":{"@id":"http:\/\/www.resonnance.org\/ch\/#\/schema\/person\/40c99e385f4cf83a5a6dbc1d95a601bb"},"breadcrumb":{"@id":"http:\/\/www.resonnance.org\/ch\/comite-dhonneur\/#breadcrumb"},"inLanguage":"fr-FR","potentialAction":[{"@type":"ReadAction","target":["http:\/\/www.resonnance.org\/ch\/comite-dhonneur\/"]}]},{"@type":"ImageObject","inLanguage":"fr-FR","@id":"http:\/\/www.resonnance.org\/ch\/comite-dhonneur\/#primaryimage","url":"http:\/\/d3hzilk4d547xx.cloudfront.net\/video\/0206\/0206-sm.jpg","contentUrl":"http:\/\/d3hzilk4d547xx.cloudfront.net\/video\/0206\/0206-sm.jpg"},{"@type":"BreadcrumbList","@id":"http:\/\/www.resonnance.org\/ch\/comite-dhonneur\/#breadcrumb","itemListElement":[{"@type":"ListItem","position":1,"name":"Accueil","item":"http:\/\/www.resonnance.org\/ch\/"},{"@type":"ListItem","position":2,"name":"Comit\u00e9 d&rsquo;honneur International"}]},{"@type":"WebSite","@id":"http:\/\/www.resonnance.org\/ch\/#website","url":"http:\/\/www.resonnance.org\/ch\/","name":"Suisse","description":"Un monde en R\u00e9sonnance","potentialAction":[{"@type":"SearchAction","target":{"@type":"EntryPoint","urlTemplate":"http:\/\/www.resonnance.org\/ch\/?s={search_term_string}"},"query-input":{"@type":"PropertyValueSpecification","valueRequired":true,"valueName":"search_term_string"}}],"inLanguage":"fr-FR"},{"@type":"Person","@id":"http:\/\/www.resonnance.org\/ch\/#\/schema\/person\/40c99e385f4cf83a5a6dbc1d95a601bb","name":"jonas","image":{"@type":"ImageObject","inLanguage":"fr-FR","@id":"http:\/\/www.resonnance.org\/ch\/#\/schema\/person\/image\/","url":"https:\/\/secure.gravatar.com\/avatar\/8d0970cc7fcad0b602d4a863ef0daade?s=96&d=mm&r=g","contentUrl":"https:\/\/secure.gravatar.com\/avatar\/8d0970cc7fcad0b602d4a863ef0daade?s=96&d=mm&r=g","caption":"jonas"},"url":"http:\/\/www.resonnance.org\/ch\/author\/jonas\/"}]}},"_links":{"self":[{"href":"http:\/\/www.resonnance.org\/ch\/wp-json\/wp\/v2\/posts\/1278","targetHints":{"allow":["GET"]}}],"collection":[{"href":"http:\/\/www.resonnance.org\/ch\/wp-json\/wp\/v2\/posts"}],"about":[{"href":"http:\/\/www.resonnance.org\/ch\/wp-json\/wp\/v2\/types\/post"}],"author":[{"embeddable":true,"href":"http:\/\/www.resonnance.org\/ch\/wp-json\/wp\/v2\/users\/1"}],"replies":[{"embeddable":true,"href":"http:\/\/www.resonnance.org\/ch\/wp-json\/wp\/v2\/comments?post=1278"}],"version-history":[{"count":0,"href":"http:\/\/www.resonnance.org\/ch\/wp-json\/wp\/v2\/posts\/1278\/revisions"}],"wp:attachment":[{"href":"http:\/\/www.resonnance.org\/ch\/wp-json\/wp\/v2\/media?parent=1278"}],"wp:term":[{"taxonomy":"category","embeddable":true,"href":"http:\/\/www.resonnance.org\/ch\/wp-json\/wp\/v2\/categories?post=1278"},{"taxonomy":"post_tag","embeddable":true,"href":"http:\/\/www.resonnance.org\/ch\/wp-json\/wp\/v2\/tags?post=1278"}],"curies":[{"name":"wp","href":"https:\/\/api.w.org\/{rel}","templated":true}]}}